{"id":2076,"date":"2020-05-22T13:24:35","date_gmt":"2020-05-22T13:24:35","guid":{"rendered":"https:\/\/nieuwe-nederlander.nl\/?p=2076"},"modified":"2020-05-22T16:55:21","modified_gmt":"2020-05-22T16:55:21","slug":"een-vredeboodschap-amsterdammers-voor-amsterdammers-2","status":"publish","type":"post","link":"https:\/\/nieuwe-nederlander.nl\/?p=2076","title":{"rendered":"Een Vredeboodschap: Amsterdammers voor Amsterdammers"},"content":{"rendered":"<p>22 mei 2020 door Cees Buys<\/p>\n<p><strong class=\"ui-sortable-handle\">De Verenigde Naties hebben 16 mei uitgeroepen tot de International Peaceful Living Together Day.\u00a0 In Amsterdam is op initiatief van het Platform INS, in het kader van de Kunst van het Samenleven, hier invulling aan gegeven. Tientallen vrijwilligers zijn met hun tasjes de straat op gegaan om huis aan huis hun Vredesboodschap te brengen. Het werd overal zeer gewaardeerd, zeker nu de coronacrisis veel mensen heeft vereenzaamd en ook zwaar gedupeerd.\u00a0 Veel van de vrijwilligers waren leden van de islamitische vrijwilligersbeweging (Hizmet). Met name deze mensen propageren met name de onderlinge vrede in buurten en wijken en beijveren zich met name voor goede integratie in onze samenleving. Zij willen met name het begrip \u2018In vrede met elkaar samenleven\u2019 overbrengen, vooral aan toekomstige generaties. Ze doen dit voornamelijk door het goede voorbeeld hier te geven in woord \u00e9n in daad.<br \/>\n<\/strong><\/p>\n<p><iframe loading=\"lazy\" title=\"internationale Dag van het Samenleven in Vrede\" width=\"1778\" height=\"1000\" src=\"https:\/\/www.youtube.com\/embed\/SAC32gP-GjY?feature=oembed\" frameborder=\"0\" allow=\"accelerometer; autoplay; encrypted-media; gyroscope; picture-in-picture\" allowfullscreen><\/iframe><\/p>\n<p>Op zaterdag 16 mei jl. trokken honderden mensen de straat bij De Buren in Osdorp. Ook werden belangrijke instellingen daar bezocht als het politiebureau, de brandweerkazerne, een zorginstelling en ouderen. Uit solidariteit zijn er in circa 25 steden in Nederland ook soortgelijke happenings georganiseerd. De samenleving in vrede en harmonie moet verder worden versterkt omdat door alle corona-beperkingen die mensen die toch al eenzaam<\/p>\n<p><img loading=\"lazy\" decoding=\"async\" class=\"alignnone wp-image-2077\" src=\"https:\/\/nieuwe-nederlander.nl\/wp-content\/uploads\/2020\/05\/1-400x153.jpg\" alt=\"\" width=\"812\" height=\"311\" srcset=\"https:\/\/nieuwe-nederlander.nl\/wp-content\/uploads\/2020\/05\/1-400x153.jpg 400w, https:\/\/nieuwe-nederlander.nl\/wp-content\/uploads\/2020\/05\/1-650x249.jpg 650w, https:\/\/nieuwe-nederlander.nl\/wp-content\/uploads\/2020\/05\/1-250x96.jpg 250w, https:\/\/nieuwe-nederlander.nl\/wp-content\/uploads\/2020\/05\/1-768x294.jpg 768w, https:\/\/nieuwe-nederlander.nl\/wp-content\/uploads\/2020\/05\/1-150x57.jpg 150w, https:\/\/nieuwe-nederlander.nl\/wp-content\/uploads\/2020\/05\/1-800x306.jpg 800w, https:\/\/nieuwe-nederlander.nl\/wp-content\/uploads\/2020\/05\/1.jpg 893w\" sizes=\"auto, (max-width: 812px) 100vw, 812px\" \/><\/p>\n<p>waren nu helemaal in een isolement dreigen te komen (van jong tot oud). Nu laten zien dat je er bent voor elkaar. Basri Do\u011fan was ook \u00e9\u00e9n van de vrijwilligers. Onlangs ontving Basri een Koninklijke onderscheiding voor al zijn vrijwilligerswerk. Basri is dan ook een actief lid van die genoemde Vrijwilligersbeweging.<\/p>\n<p>Deze Hizmet-beweging bestaat uit mensen die zich laten inspireren door het gedachtengoed van de bekende moslim-geestelijke G\u00fclen. Dit gedachtengoed impliceert dat moslims van hem de opdracht krijgen in dialoog te gaan met andersdenkenden en andersgelovigen. Samenleving in harmonie en vrede is \u00e9\u00e9n van de speerpunten van G\u00fclen. Dat hij door het huidige Turkse regime negatief wordt afgebeeld is beslist onterecht. Zo heeft de AIVD enkele jaren geleden de leden van de Hizmet-beweging grondig gescreend en bij geen van hen zaken gevonden die op enig gevaar duiden: integendeel. Naar aanleiding van vragen in de Tweede Kamer heeft de Midden-Oosten autoriteit, Prof. de. M. van Bruinesse, verbonden aan de Utrechtse Universiteit, diepgaand onderzoek verricht naar deze Hizmet-beweging. Zijn rapportage na dit onderzoek toonde onder andere dat deze mensen hoogopgeleid zijn, snel integreren en ook snel de Nederlandse taal spreken, nauwelijks aanspraak maken op bijstand en een positieve bijdrage leveren aan de Nederlandse samenleving en economie.<\/p>\n<p><img loading=\"lazy\" decoding=\"async\" class=\"alignnone wp-image-2079\" src=\"https:\/\/nieuwe-nederlander.nl\/wp-content\/uploads\/2020\/05\/2-400x144.jpg\" alt=\"\" width=\"833\" height=\"300\" srcset=\"https:\/\/nieuwe-nederlander.nl\/wp-content\/uploads\/2020\/05\/2-400x144.jpg 400w, https:\/\/nieuwe-nederlander.nl\/wp-content\/uploads\/2020\/05\/2-650x235.jpg 650w, https:\/\/nieuwe-nederlander.nl\/wp-content\/uploads\/2020\/05\/2-250x90.jpg 250w, https:\/\/nieuwe-nederlander.nl\/wp-content\/uploads\/2020\/05\/2-768x277.jpg 768w, https:\/\/nieuwe-nederlander.nl\/wp-content\/uploads\/2020\/05\/2-150x54.jpg 150w, https:\/\/nieuwe-nederlander.nl\/wp-content\/uploads\/2020\/05\/2-800x289.jpg 800w, https:\/\/nieuwe-nederlander.nl\/wp-content\/uploads\/2020\/05\/2.jpg 861w\" sizes=\"auto, (max-width: 833px) 100vw, 833px\" \/><\/p>\n<p>De huidige corona-crisis is in heel Nederland uitgelopen op een situatie dat veel structurele problemen, zoals eenzaamheid, ongelijkheid en polarisatie, verder zijn toegenomen. Dit ondanks ook de vele goede initiatieven die er waren waarvan er ook enkele de televisie hebben gehaald.<\/p>\n<p>Dat vele mensen nu leven tussen angst en enthousiasme, werd duidelijk. Het hier bijgevoegde filmpje toont dit ook duidelijk. De mensen spreken zich enthousiast positief uit maar houden allemaal de voorgeschreven afstand uit angst voor een corona-besmetting.<\/p>\n<p><img loading=\"lazy\" decoding=\"async\" class=\"alignnone wp-image-2080\" src=\"https:\/\/nieuwe-nederlander.nl\/wp-content\/uploads\/2020\/05\/3-400x127.jpg\" alt=\"\" width=\"837\" height=\"266\" srcset=\"https:\/\/nieuwe-nederlander.nl\/wp-content\/uploads\/2020\/05\/3-400x127.jpg 400w, https:\/\/nieuwe-nederlander.nl\/wp-content\/uploads\/2020\/05\/3-650x206.jpg 650w, https:\/\/nieuwe-nederlander.nl\/wp-content\/uploads\/2020\/05\/3-250x79.jpg 250w, https:\/\/nieuwe-nederlander.nl\/wp-content\/uploads\/2020\/05\/3-768x244.jpg 768w, https:\/\/nieuwe-nederlander.nl\/wp-content\/uploads\/2020\/05\/3-150x48.jpg 150w, https:\/\/nieuwe-nederlander.nl\/wp-content\/uploads\/2020\/05\/3-800x254.jpg 800w, https:\/\/nieuwe-nederlander.nl\/wp-content\/uploads\/2020\/05\/3.jpg 888w\" sizes=\"auto, (max-width: 837px) 100vw, 837px\" \/><\/p>\n<p>Hopelijk zijn alle corona-beperkingen spoedig weer achter de rug. Ds. Robert Schuller zei ooit: \u201cTough times end, tough people never!\u201d. Laten we met elkaar sterk blijven tot de corona-risico\u2019s weer zijn overgewaaid. De cup cakes, die in de uitgedeelde tasjes zaten, heeft iedere ontvanger zich goed laten smaken\u25aa<\/p>\n<p><img loading=\"lazy\" decoding=\"async\" class=\"alignnone wp-image-2081\" src=\"https:\/\/nieuwe-nederlander.nl\/wp-content\/uploads\/2020\/05\/4-400x252.jpg\" alt=\"\" width=\"284\" height=\"179\" srcset=\"https:\/\/nieuwe-nederlander.nl\/wp-content\/uploads\/2020\/05\/4-400x252.jpg 400w, https:\/\/nieuwe-nederlander.nl\/wp-content\/uploads\/2020\/05\/4-650x410.jpg 650w, https:\/\/nieuwe-nederlander.nl\/wp-content\/uploads\/2020\/05\/4-250x158.jpg 250w, https:\/\/nieuwe-nederlander.nl\/wp-content\/uploads\/2020\/05\/4-768x485.jpg 768w, https:\/\/nieuwe-nederlander.nl\/wp-content\/uploads\/2020\/05\/4-150x95.jpg 150w, https:\/\/nieuwe-nederlander.nl\/wp-content\/uploads\/2020\/05\/4-800x505.jpg 800w, https:\/\/nieuwe-nederlander.nl\/wp-content\/uploads\/2020\/05\/4.jpg 1008w\" sizes=\"auto, (max-width: 284px) 100vw, 284px\" \/><img loading=\"lazy\" decoding=\"async\" class=\"alignnone wp-image-2082\" src=\"https:\/\/nieuwe-nederlander.nl\/wp-content\/uploads\/2020\/05\/5-400x300.jpg\" alt=\"\" width=\"238\" height=\"179\" srcset=\"https:\/\/nieuwe-nederlander.nl\/wp-content\/uploads\/2020\/05\/5-400x300.jpg 400w, https:\/\/nieuwe-nederlander.nl\/wp-content\/uploads\/2020\/05\/5-650x488.jpg 650w, https:\/\/nieuwe-nederlander.nl\/wp-content\/uploads\/2020\/05\/5-250x188.jpg 250w, https:\/\/nieuwe-nederlander.nl\/wp-content\/uploads\/2020\/05\/5-768x576.jpg 768w, https:\/\/nieuwe-nederlander.nl\/wp-content\/uploads\/2020\/05\/5-1536x1152.jpg 1536w, https:\/\/nieuwe-nederlander.nl\/wp-content\/uploads\/2020\/05\/5-150x113.jpg 150w, https:\/\/nieuwe-nederlander.nl\/wp-content\/uploads\/2020\/05\/5-800x600.jpg 800w, https:\/\/nieuwe-nederlander.nl\/wp-content\/uploads\/2020\/05\/5-1200x900.jpg 1200w, https:\/\/nieuwe-nederlander.nl\/wp-content\/uploads\/2020\/05\/5.jpg 1600w\" sizes=\"auto, (max-width: 238px) 100vw, 238px\" \/><img loading=\"lazy\" decoding=\"async\" class=\"alignnone wp-image-2083\" src=\"https:\/\/nieuwe-nederlander.nl\/wp-content\/uploads\/2020\/05\/6-400x300.jpg\" alt=\"\" width=\"247\" height=\"185\" srcset=\"https:\/\/nieuwe-nederlander.nl\/wp-content\/uploads\/2020\/05\/6-400x300.jpg 400w, https:\/\/nieuwe-nederlander.nl\/wp-content\/uploads\/2020\/05\/6-650x488.jpg 650w, https:\/\/nieuwe-nederlander.nl\/wp-content\/uploads\/2020\/05\/6-250x188.jpg 250w, https:\/\/nieuwe-nederlander.nl\/wp-content\/uploads\/2020\/05\/6-768x576.jpg 768w, https:\/\/nieuwe-nederlander.nl\/wp-content\/uploads\/2020\/05\/6-150x113.jpg 150w, https:\/\/nieuwe-nederlander.nl\/wp-content\/uploads\/2020\/05\/6-800x600.jpg 800w, https:\/\/nieuwe-nederlander.nl\/wp-content\/uploads\/2020\/05\/6.jpg 806w\" sizes=\"auto, (max-width: 247px) 100vw, 247px\" \/><img loading=\"lazy\" decoding=\"async\" class=\"alignnone wp-image-2084\" src=\"https:\/\/nieuwe-nederlander.nl\/wp-content\/uploads\/2020\/05\/16-Mei-2020-internationale-Dag-van-het-Samenleven-Vrede-20-400x222.jpg\" alt=\"\" width=\"274\" height=\"152\" srcset=\"https:\/\/nieuwe-nederlander.nl\/wp-content\/uploads\/2020\/05\/16-Mei-2020-internationale-Dag-van-het-Samenleven-Vrede-20-400x222.jpg 400w, https:\/\/nieuwe-nederlander.nl\/wp-content\/uploads\/2020\/05\/16-Mei-2020-internationale-Dag-van-het-Samenleven-Vrede-20-650x360.jpg 650w, https:\/\/nieuwe-nederlander.nl\/wp-content\/uploads\/2020\/05\/16-Mei-2020-internationale-Dag-van-het-Samenleven-Vrede-20-250x138.jpg 250w, https:\/\/nieuwe-nederlander.nl\/wp-content\/uploads\/2020\/05\/16-Mei-2020-internationale-Dag-van-het-Samenleven-Vrede-20-768x425.jpg 768w, https:\/\/nieuwe-nederlander.nl\/wp-content\/uploads\/2020\/05\/16-Mei-2020-internationale-Dag-van-het-Samenleven-Vrede-20-150x83.jpg 150w, https:\/\/nieuwe-nederlander.nl\/wp-content\/uploads\/2020\/05\/16-Mei-2020-internationale-Dag-van-het-Samenleven-Vrede-20-800x443.jpg 800w, https:\/\/nieuwe-nederlander.nl\/wp-content\/uploads\/2020\/05\/16-Mei-2020-internationale-Dag-van-het-Samenleven-Vrede-20.jpg 1130w\" sizes=\"auto, (max-width: 274px) 100vw, 274px\" \/><img loading=\"lazy\" decoding=\"async\" class=\"alignnone wp-image-2085\" src=\"https:\/\/nieuwe-nederlander.nl\/wp-content\/uploads\/2020\/05\/16-Mei-2020-internationale-Dag-van-het-Samenleven-Vrede-4-400x300.jpg\" alt=\"\" width=\"202\" height=\"152\" srcset=\"https:\/\/nieuwe-nederlander.nl\/wp-content\/uploads\/2020\/05\/16-Mei-2020-internationale-Dag-van-het-Samenleven-Vrede-4-400x300.jpg 400w, https:\/\/nieuwe-nederlander.nl\/wp-content\/uploads\/2020\/05\/16-Mei-2020-internationale-Dag-van-het-Samenleven-Vrede-4-650x488.jpg 650w, https:\/\/nieuwe-nederlander.nl\/wp-content\/uploads\/2020\/05\/16-Mei-2020-internationale-Dag-van-het-Samenleven-Vrede-4-250x188.jpg 250w, https:\/\/nieuwe-nederlander.nl\/wp-content\/uploads\/2020\/05\/16-Mei-2020-internationale-Dag-van-het-Samenleven-Vrede-4-768x576.jpg 768w, https:\/\/nieuwe-nederlander.nl\/wp-content\/uploads\/2020\/05\/16-Mei-2020-internationale-Dag-van-het-Samenleven-Vrede-4-150x113.jpg 150w, https:\/\/nieuwe-nederlander.nl\/wp-content\/uploads\/2020\/05\/16-Mei-2020-internationale-Dag-van-het-Samenleven-Vrede-4-800x600.jpg 800w, https:\/\/nieuwe-nederlander.nl\/wp-content\/uploads\/2020\/05\/16-Mei-2020-internationale-Dag-van-het-Samenleven-Vrede-4.jpg 1024w\" sizes=\"auto, (max-width: 202px) 100vw, 202px\" \/><img loading=\"lazy\" decoding=\"async\" class=\"alignnone wp-image-2086\" src=\"https:\/\/nieuwe-nederlander.nl\/wp-content\/uploads\/2020\/05\/index-400x533.jpg\" alt=\"\" width=\"114\" height=\"152\" srcset=\"https:\/\/nieuwe-nederlander.nl\/wp-content\/uploads\/2020\/05\/index-400x533.jpg 400w, https:\/\/nieuwe-nederlander.nl\/wp-content\/uploads\/2020\/05\/index-650x867.jpg 650w, https:\/\/nieuwe-nederlander.nl\/wp-content\/uploads\/2020\/05\/index-250x333.jpg 250w, https:\/\/nieuwe-nederlander.nl\/wp-content\/uploads\/2020\/05\/index-768x1024.jpg 768w, https:\/\/nieuwe-nederlander.nl\/wp-content\/uploads\/2020\/05\/index-1152x1536.jpg 1152w, https:\/\/nieuwe-nederlander.nl\/wp-content\/uploads\/2020\/05\/index-150x200.jpg 150w, https:\/\/nieuwe-nederlander.nl\/wp-content\/uploads\/2020\/05\/index-800x1067.jpg 800w, https:\/\/nieuwe-nederlander.nl\/wp-content\/uploads\/2020\/05\/index.jpg 1200w\" sizes=\"auto, (max-width: 114px) 100vw, 114px\" \/><img loading=\"lazy\" decoding=\"async\" class=\"alignnone wp-image-2089\" src=\"https:\/\/nieuwe-nederlander.nl\/wp-content\/uploads\/2020\/05\/16-Mei-2020-internationale-Dag-van-het-Samenleven-Vrede-2-400x533.jpg\" alt=\"\" width=\"114\" height=\"152\" srcset=\"https:\/\/nieuwe-nederlander.nl\/wp-content\/uploads\/2020\/05\/16-Mei-2020-internationale-Dag-van-het-Samenleven-Vrede-2-400x533.jpg 400w, https:\/\/nieuwe-nederlander.nl\/wp-content\/uploads\/2020\/05\/16-Mei-2020-internationale-Dag-van-het-Samenleven-Vrede-2-650x867.jpg 650w, https:\/\/nieuwe-nederlander.nl\/wp-content\/uploads\/2020\/05\/16-Mei-2020-internationale-Dag-van-het-Samenleven-Vrede-2-250x333.jpg 250w, https:\/\/nieuwe-nederlander.nl\/wp-content\/uploads\/2020\/05\/16-Mei-2020-internationale-Dag-van-het-Samenleven-Vrede-2-768x1024.jpg 768w, https:\/\/nieuwe-nederlander.nl\/wp-content\/uploads\/2020\/05\/16-Mei-2020-internationale-Dag-van-het-Samenleven-Vrede-2-1152x1536.jpg 1152w, https:\/\/nieuwe-nederlander.nl\/wp-content\/uploads\/2020\/05\/16-Mei-2020-internationale-Dag-van-het-Samenleven-Vrede-2-150x200.jpg 150w, https:\/\/nieuwe-nederlander.nl\/wp-content\/uploads\/2020\/05\/16-Mei-2020-internationale-Dag-van-het-Samenleven-Vrede-2-800x1067.jpg 800w, https:\/\/nieuwe-nederlander.nl\/wp-content\/uploads\/2020\/05\/16-Mei-2020-internationale-Dag-van-het-Samenleven-Vrede-2.jpg 1200w\" sizes=\"auto, (max-width: 114px) 100vw, 114px\" \/><img loading=\"lazy\" decoding=\"async\" class=\"alignnone size-medium wp-image-2091\" src=\"https:\/\/nieuwe-nederlander.nl\/wp-content\/uploads\/2020\/05\/16-Mei-2020-internationale-Dag-van-het-Samenleven-Vrede-18-400x300.jpg\" alt=\"\" width=\"300\" height=\"225\" srcset=\"https:\/\/nieuwe-nederlander.nl\/wp-content\/uploads\/2020\/05\/16-Mei-2020-internationale-Dag-van-het-Samenleven-Vrede-18-400x300.jpg 400w, https:\/\/nieuwe-nederlander.nl\/wp-content\/uploads\/2020\/05\/16-Mei-2020-internationale-Dag-van-het-Samenleven-Vrede-18-650x488.jpg 650w, https:\/\/nieuwe-nederlander.nl\/wp-content\/uploads\/2020\/05\/16-Mei-2020-internationale-Dag-van-het-Samenleven-Vrede-18-250x188.jpg 250w, https:\/\/nieuwe-nederlander.nl\/wp-content\/uploads\/2020\/05\/16-Mei-2020-internationale-Dag-van-het-Samenleven-Vrede-18-768x576.jpg 768w, https:\/\/nieuwe-nederlander.nl\/wp-content\/uploads\/2020\/05\/16-Mei-2020-internationale-Dag-van-het-Samenleven-Vrede-18-150x113.jpg 150w, https:\/\/nieuwe-nederlander.nl\/wp-content\/uploads\/2020\/05\/16-Mei-2020-internationale-Dag-van-het-Samenleven-Vrede-18-800x600.jpg 800w, https:\/\/nieuwe-nederlander.nl\/wp-content\/uploads\/2020\/05\/16-Mei-2020-internationale-Dag-van-het-Samenleven-Vrede-18.jpg 1008w\" sizes=\"auto, (max-width: 300px) 100vw, 300px\" \/><img loading=\"lazy\" decoding=\"async\" class=\"alignnone wp-image-2092\" src=\"https:\/\/nieuwe-nederlander.nl\/wp-content\/uploads\/2020\/05\/16-Mei-2020-internationale-Dag-van-het-Samenleven-Vrede-8-400x533.jpg\" alt=\"\" width=\"170\" height=\"227\" srcset=\"https:\/\/nieuwe-nederlander.nl\/wp-content\/uploads\/2020\/05\/16-Mei-2020-internationale-Dag-van-het-Samenleven-Vrede-8-400x533.jpg 400w, https:\/\/nieuwe-nederlander.nl\/wp-content\/uploads\/2020\/05\/16-Mei-2020-internationale-Dag-van-het-Samenleven-Vrede-8-650x867.jpg 650w, https:\/\/nieuwe-nederlander.nl\/wp-content\/uploads\/2020\/05\/16-Mei-2020-internationale-Dag-van-het-Samenleven-Vrede-8-250x333.jpg 250w, https:\/\/nieuwe-nederlander.nl\/wp-content\/uploads\/2020\/05\/16-Mei-2020-internationale-Dag-van-het-Samenleven-Vrede-8-768x1024.jpg 768w, https:\/\/nieuwe-nederlander.nl\/wp-content\/uploads\/2020\/05\/16-Mei-2020-internationale-Dag-van-het-Samenleven-Vrede-8-1152x1536.jpg 1152w, https:\/\/nieuwe-nederlander.nl\/wp-content\/uploads\/2020\/05\/16-Mei-2020-internationale-Dag-van-het-Samenleven-Vrede-8-150x200.jpg 150w, https:\/\/nieuwe-nederlander.nl\/wp-content\/uploads\/2020\/05\/16-Mei-2020-internationale-Dag-van-het-Samenleven-Vrede-8-800x1067.jpg 800w, https:\/\/nieuwe-nederlander.nl\/wp-content\/uploads\/2020\/05\/16-Mei-2020-internationale-Dag-van-het-Samenleven-Vrede-8.jpg 1200w\" sizes=\"auto, (max-width: 170px) 100vw, 170px\" \/><img loading=\"lazy\" decoding=\"async\" class=\"alignnone wp-image-2093\" src=\"https:\/\/nieuwe-nederlander.nl\/wp-content\/uploads\/2020\/05\/16-Mei-2020-internationale-Dag-van-het-Samenleven-Vrede-10-400x300.jpg\" alt=\"\" width=\"303\" height=\"227\" srcset=\"https:\/\/nieuwe-nederlander.nl\/wp-content\/uploads\/2020\/05\/16-Mei-2020-internationale-Dag-van-het-Samenleven-Vrede-10-400x300.jpg 400w, https:\/\/nieuwe-nederlander.nl\/wp-content\/uploads\/2020\/05\/16-Mei-2020-internationale-Dag-van-het-Samenleven-Vrede-10-650x488.jpg 650w, https:\/\/nieuwe-nederlander.nl\/wp-content\/uploads\/2020\/05\/16-Mei-2020-internationale-Dag-van-het-Samenleven-Vrede-10-250x188.jpg 250w, https:\/\/nieuwe-nederlander.nl\/wp-content\/uploads\/2020\/05\/16-Mei-2020-internationale-Dag-van-het-Samenleven-Vrede-10-768x576.jpg 768w, https:\/\/nieuwe-nederlander.nl\/wp-content\/uploads\/2020\/05\/16-Mei-2020-internationale-Dag-van-het-Samenleven-Vrede-10-150x113.jpg 150w, https:\/\/nieuwe-nederlander.nl\/wp-content\/uploads\/2020\/05\/16-Mei-2020-internationale-Dag-van-het-Samenleven-Vrede-10-800x600.jpg 800w, https:\/\/nieuwe-nederlander.nl\/wp-content\/uploads\/2020\/05\/16-Mei-2020-internationale-Dag-van-het-Samenleven-Vrede-10.jpg 1008w\" sizes=\"auto, (max-width: 303px) 100vw, 303px\" \/><\/p>\n","protected":false},"excerpt":{"rendered":"<p>22 mei 2020 door Cees Buys De Verenigde Naties hebben 16 mei uitgeroepen tot de International Peaceful Living Together Day.\u00a0 In Amsterdam is op initiatief van het Platform INS, in het kader van de Kunst van het Samenleven, hier invulling aan gegeven. Tientallen vrijwilligers zijn met hun tasjes de straat op gegaan om huis aan [&hellip;]<\/p>\n","protected":false},"author":2,"featured_media":2087,"comment_status":"open","ping_status":"open","sticky":false,"template":"","format":"standard","meta":{"footnotes":""},"categories":[277],"tags":[],"class_list":["post-2076","post","type-post","status-publish","format-standard","has-post-thumbnail","hentry","category-algemeen"],"_links":{"self":[{"href":"https:\/\/nieuwe-nederlander.nl\/index.php?rest_route=\/wp\/v2\/posts\/2076","targetHints":{"allow":["GET"]}}],"collection":[{"href":"https:\/\/nieuwe-nederlander.nl\/index.php?rest_route=\/wp\/v2\/posts"}],"about":[{"href":"https:\/\/nieuwe-nederlander.nl\/index.php?rest_route=\/wp\/v2\/types\/post"}],"author":[{"embeddable":true,"href":"https:\/\/nieuwe-nederlander.nl\/index.php?rest_route=\/wp\/v2\/users\/2"}],"replies":[{"embeddable":true,"href":"https:\/\/nieuwe-nederlander.nl\/index.php?rest_route=%2Fwp%2Fv2%2Fcomments&post=2076"}],"version-history":[{"count":4,"href":"https:\/\/nieuwe-nederlander.nl\/index.php?rest_route=\/wp\/v2\/posts\/2076\/revisions"}],"predecessor-version":[{"id":2095,"href":"https:\/\/nieuwe-nederlander.nl\/index.php?rest_route=\/wp\/v2\/posts\/2076\/revisions\/2095"}],"wp:featuredmedia":[{"embeddable":true,"href":"https:\/\/nieuwe-nederlander.nl\/index.php?rest_route=\/wp\/v2\/media\/2087"}],"wp:attachment":[{"href":"https:\/\/nieuwe-nederlander.nl\/index.php?rest_route=%2Fwp%2Fv2%2Fmedia&parent=2076"}],"wp:term":[{"taxonomy":"category","embeddable":true,"href":"https:\/\/nieuwe-nederlander.nl\/index.php?rest_route=%2Fwp%2Fv2%2Fcategories&post=2076"},{"taxonomy":"post_tag","embeddable":true,"href":"https:\/\/nieuwe-nederlander.nl\/index.php?rest_route=%2Fwp%2Fv2%2Ftags&post=2076"}],"curies":[{"name":"wp","href":"https:\/\/api.w.org\/{rel}","templated":true}]}}