{"id":2147,"date":"2020-05-25T09:03:54","date_gmt":"2020-05-25T09:03:54","guid":{"rendered":"https:\/\/nieuwe-nederlander.nl\/?p=2147"},"modified":"2020-05-25T09:03:54","modified_gmt":"2020-05-25T09:03:54","slug":"14-kurdish-politicians-activists-referred-to-court-for-arrest-in-diyarbakir","status":"publish","type":"post","link":"https:\/\/nieuwe-nederlander.nl\/?p=2147","title":{"rendered":"14 Kurdish politicians, activists referred to court for arrest in Diyarbak\u0131r"},"content":{"rendered":"<p>Of the 18 Kurdish politicians and activists detained in a police operation in the southeastern Turkish province of Diyarbak\u0131r on Friday, 14 of them have been referred to court for arrest while four were released under judicial supervision, according to Turkish media reports.<\/p>\n<p>The 18 detainees, which included officials from the Kurdish Peoples\u2019 Democratic Party (HDP) and members of some women\u2019s rights organizations such as the Rosa Women\u2019s Association and Free Women\u2019s Movement (TJA), both unofficially linked to the HDP, face terrorism charges.<\/p>\n<p>On Saturday TJA activist Zelal Bilgin, Rosa Women\u2019s Association founding member Ayla Akat Ata, Yeni\u015fehir district municipality city council member Nevriye \u00c7ur and activist Nazire Tursun were released under judicial supervision.<\/p>\n<p>The remaining detainees including Rosa Women\u2019s Association President Adalet Kaya, founder Narin Gezg\u00f6r and association executive Fatma G\u00fcltekin, Tevgera Jin\u00ean Azad (TJA) activist G\u00fclcihan \u015eim\u015fek, Democratic Regions Party (DBP) previous term Co-chair Mehmet Arslan, HDP Central Executive Committee (MYK) member \u00d6zlem G\u00fcnd\u00fcz, HDP Yeni\u015fehir District Co-chairperson Remziye S\u0131z\u0131c\u0131, Ba\u011flar Municipal Council members H\u00fcseyin Harman and G\u00f6n\u00fcl Aslan, Diyarbak\u0131r Metropolitan Municipality council member Sevim Co\u015fkun, HDP member Mehmet Ali Alt\u0131nkaynak, Kurdish politician Celal Yolda\u015f, Diyarbak\u0131r Peace Mothers Council member Havva K\u0131ran and Veysi Kuzu were referred to court for arrest.<\/p>\n<p>The HDP is frequently accused by Ankara of having links to the Kurdistan Workers\u2019 Party (PKK), listed as a terrorist organization by Turkey, the EU and the US. The party denies having organic links to the PKK.<\/p>\n<p>Turkey has removed dozens of democratically elected mayors from their posts on terrorism charges.<\/p>\n","protected":false},"excerpt":{"rendered":"<p>Of the 18 Kurdish politicians and activists detained in a police operation in the southeastern Turkish province of Diyarbak\u0131r on Friday, 14 of them have been referred to court for arrest while four were released under judicial supervision, according to Turkish media reports. The 18 detainees, which included officials from the Kurdish Peoples\u2019 Democratic Party [&hellip;]<\/p>\n","protected":false},"author":2,"featured_media":2148,"comment_status":"open","ping_status":"open","sticky":false,"template":"","format":"standard","meta":{"footnotes":""},"categories":[277,279],"tags":[],"class_list":["post-2147","post","type-post","status-publish","format-standard","has-post-thumbnail","hentry","category-algemeen","category-buitenland"],"_links":{"self":[{"href":"https:\/\/nieuwe-nederlander.nl\/index.php?rest_route=\/wp\/v2\/posts\/2147","targetHints":{"allow":["GET"]}}],"collection":[{"href":"https:\/\/nieuwe-nederlander.nl\/index.php?rest_route=\/wp\/v2\/posts"}],"about":[{"href":"https:\/\/nieuwe-nederlander.nl\/index.php?rest_route=\/wp\/v2\/types\/post"}],"author":[{"embeddable":true,"href":"https:\/\/nieuwe-nederlander.nl\/index.php?rest_route=\/wp\/v2\/users\/2"}],"replies":[{"embeddable":true,"href":"https:\/\/nieuwe-nederlander.nl\/index.php?rest_route=%2Fwp%2Fv2%2Fcomments&post=2147"}],"version-history":[{"count":2,"href":"https:\/\/nieuwe-nederlander.nl\/index.php?rest_route=\/wp\/v2\/posts\/2147\/revisions"}],"predecessor-version":[{"id":2150,"href":"https:\/\/nieuwe-nederlander.nl\/index.php?rest_route=\/wp\/v2\/posts\/2147\/revisions\/2150"}],"wp:featuredmedia":[{"embeddable":true,"href":"https:\/\/nieuwe-nederlander.nl\/index.php?rest_route=\/wp\/v2\/media\/2148"}],"wp:attachment":[{"href":"https:\/\/nieuwe-nederlander.nl\/index.php?rest_route=%2Fwp%2Fv2%2Fmedia&parent=2147"}],"wp:term":[{"taxonomy":"category","embeddable":true,"href":"https:\/\/nieuwe-nederlander.nl\/index.php?rest_route=%2Fwp%2Fv2%2Fcategories&post=2147"},{"taxonomy":"post_tag","embeddable":true,"href":"https:\/\/nieuwe-nederlander.nl\/index.php?rest_route=%2Fwp%2Fv2%2Ftags&post=2147"}],"curies":[{"name":"wp","href":"https:\/\/api.w.org\/{rel}","templated":true}]}}