{"id":2252,"date":"2020-06-28T09:44:38","date_gmt":"2020-06-28T09:44:38","guid":{"rendered":"https:\/\/nieuwe-nederlander.nl\/?p=2252"},"modified":"2020-06-28T10:53:27","modified_gmt":"2020-06-28T10:53:27","slug":"een-recept-voor-succesvolle-integratie","status":"publish","type":"post","link":"https:\/\/nieuwe-nederlander.nl\/?p=2252","title":{"rendered":"Een recept voor succesvolle integratie"},"content":{"rendered":"<p>Een recept voor succesvolle integratie<\/p>\n<p>Door: Basri Dogan, 14 februari 2020<\/p>\n<p><strong>We volgen de familie G\u00fcl in Delden die na de coup van 15 juli 2016 uit Turkije zijn verjaagd en in Nederland in een AZC in Winterswijk terechtkwamen. E\u00e9n van de gelukjes in dat AZC was dat ze in aanraking kwamen met twee Nederlandse vrijwilligers (Mevrouw Gerty Drost en de heer Edu van Dijk) die hen met beperkte middelen en heel veel compassie en respect hebben geholpen snel weer op hun eigen benen te staan. De heer Kasim G\u00fcl is \u00e9\u00e9n van de wetenschappers die gedwongen werd Turkije te verlaten met achterlating van huis, werk, familie en vrienden.<\/strong><img loading=\"lazy\" decoding=\"async\" class=\"size-medium wp-image-2291 aligncenter\" src=\"https:\/\/nieuwe-nederlander.nl\/wp-content\/uploads\/2020\/06\/WhatsApp-Image-2020-06-28-at-12.48.18-2-400x266.jpeg\" alt=\"\" width=\"300\" height=\"200\" srcset=\"https:\/\/nieuwe-nederlander.nl\/wp-content\/uploads\/2020\/06\/WhatsApp-Image-2020-06-28-at-12.48.18-2-400x266.jpeg 400w, https:\/\/nieuwe-nederlander.nl\/wp-content\/uploads\/2020\/06\/WhatsApp-Image-2020-06-28-at-12.48.18-2-650x432.jpeg 650w, https:\/\/nieuwe-nederlander.nl\/wp-content\/uploads\/2020\/06\/WhatsApp-Image-2020-06-28-at-12.48.18-2-250x166.jpeg 250w, https:\/\/nieuwe-nederlander.nl\/wp-content\/uploads\/2020\/06\/WhatsApp-Image-2020-06-28-at-12.48.18-2-768x510.jpeg 768w, https:\/\/nieuwe-nederlander.nl\/wp-content\/uploads\/2020\/06\/WhatsApp-Image-2020-06-28-at-12.48.18-2-1536x1020.jpeg 1536w, https:\/\/nieuwe-nederlander.nl\/wp-content\/uploads\/2020\/06\/WhatsApp-Image-2020-06-28-at-12.48.18-2-150x100.jpeg 150w, https:\/\/nieuwe-nederlander.nl\/wp-content\/uploads\/2020\/06\/WhatsApp-Image-2020-06-28-at-12.48.18-2-800x532.jpeg 800w, https:\/\/nieuwe-nederlander.nl\/wp-content\/uploads\/2020\/06\/WhatsApp-Image-2020-06-28-at-12.48.18-2-1200x797.jpeg 1200w, https:\/\/nieuwe-nederlander.nl\/wp-content\/uploads\/2020\/06\/WhatsApp-Image-2020-06-28-at-12.48.18-2.jpeg 1600w\" sizes=\"auto, (max-width: 300px) 100vw, 300px\" \/><\/p>\n<p>Na de vermeende staatsgreep op 15 juli 2016 in Turkije verlieten vele hoogopgeleide Turken hun vaderland. Er wordt thans beweerd dat het wetenschappelijk onderzoek gepubliceerd door de Turkse onderzoekers jaarlijks met 28 procent is gedaald. Dit door het grote aantal opgeleide mensen die daar zijn verjaagd op brute wijze. De G\u00fcl\u2019s zijn in het AZC de dialogen aangegaan met Nederlandse families. In het afgelopen jaar zijn er daaruit hechte vriendschappen ontstaan met meer dan 30 Nederlandse families. Onder hen dus ook Gerty Dost Edu en Van Dijk. Er zijn zo nieuwe bruggen geslagen met Nederlandse mensen om snel bekend te raken met de Nederlandse cultuurwaarden en ook de Nederlandse taal.<\/p>\n<p style=\"text-align: center;\"><img loading=\"lazy\" decoding=\"async\" class=\"alignnone size-medium wp-image-2292\" src=\"https:\/\/nieuwe-nederlander.nl\/wp-content\/uploads\/2020\/06\/WhatsApp-Image-2020-06-28-at-12.48.18-1-400x206.jpeg\" alt=\"\" width=\"300\" height=\"155\" srcset=\"https:\/\/nieuwe-nederlander.nl\/wp-content\/uploads\/2020\/06\/WhatsApp-Image-2020-06-28-at-12.48.18-1-400x206.jpeg 400w, https:\/\/nieuwe-nederlander.nl\/wp-content\/uploads\/2020\/06\/WhatsApp-Image-2020-06-28-at-12.48.18-1-650x334.jpeg 650w, https:\/\/nieuwe-nederlander.nl\/wp-content\/uploads\/2020\/06\/WhatsApp-Image-2020-06-28-at-12.48.18-1-250x129.jpeg 250w, https:\/\/nieuwe-nederlander.nl\/wp-content\/uploads\/2020\/06\/WhatsApp-Image-2020-06-28-at-12.48.18-1-768x395.jpeg 768w, https:\/\/nieuwe-nederlander.nl\/wp-content\/uploads\/2020\/06\/WhatsApp-Image-2020-06-28-at-12.48.18-1-1536x790.jpeg 1536w, https:\/\/nieuwe-nederlander.nl\/wp-content\/uploads\/2020\/06\/WhatsApp-Image-2020-06-28-at-12.48.18-1-150x77.jpeg 150w, https:\/\/nieuwe-nederlander.nl\/wp-content\/uploads\/2020\/06\/WhatsApp-Image-2020-06-28-at-12.48.18-1-800x412.jpeg 800w, https:\/\/nieuwe-nederlander.nl\/wp-content\/uploads\/2020\/06\/WhatsApp-Image-2020-06-28-at-12.48.18-1-1200x617.jpeg 1200w, https:\/\/nieuwe-nederlander.nl\/wp-content\/uploads\/2020\/06\/WhatsApp-Image-2020-06-28-at-12.48.18-1.jpeg 1600w\" sizes=\"auto, (max-width: 300px) 100vw, 300px\" \/><\/p>\n<p>Onlangs heb ik Gerty Dost en Edu van D\u0131jk persoonlijk ontmoet in de gemeente Delden tijdens een diner dat was georganiseerd en gekookt door de familie G\u00fcl. Beiden zijn vrijwilligers die zich volledig inzetten om vluchtelingen te helpen. Ze helpen immigrantengezinnen die hun toevlucht in Nederland hebben gezocht.<\/p>\n<p>Edu Van D\u0131jk werd geboren na de Tweede Wereldoorlog, nu is hij 70 jaar oud en we hoorden de levensverhalen van hem van pal na de tweede wereldoorlog met ook de vluchtelingenverhalen van toen. Deze jeugdervaring van hem heeft hem ertoe gebracht nu mensen als de familie G\u00fcl te helpen (waar hij als kind veel hulp heeft ervaren toen hij zelf en zijn familie er slecht aan toe waren). De meesten van hen wilden hun leven toe voortzetten als vluchtelingen in landen die ze nooit hebben gekend. Gerty Drost is zeer gedreven de vluchtelingen van nu verder te helpen. Je ziet dat met de hulp van de autochtone Nederlanders, emotioneel zeer beschadigde vluchtelingen toch weer heel snel op de been worden gezet. Gerty en Edu hebben hen aten zien dat ze feitelijk deel waren van ons gezin en dat gaf de familie G\u00fcl de veiligheid en het vertrouwen dat ze goed zijn aangeland. Beiden zeggen: \u201conze vriendschap met hen is een warme omgeving zoals een gezinsomgeving zou moeten zijn. Vooral dochter Maria is als ons kleinkind. Doordat het zo vertrouwd was voor de familie G\u00fcl, zijn ze bijzonder snel ge\u00efntegreerd en spreken ze, ook al zijn ze pas kort in Nederland, al heel behoorlijk de Nederlandse taal\u201d. De voorkomende integratie-facetten worden met elkaar besproken en Gerty en Edu geven hen een goed voorbeeld hoe het er in Nederland aan toe gaat.<\/p>\n<p style=\"text-align: center;\"><img loading=\"lazy\" decoding=\"async\" class=\"alignnone size-medium wp-image-2298\" src=\"https:\/\/nieuwe-nederlander.nl\/wp-content\/uploads\/2020\/06\/WhatsApp-Image-2020-06-28-at-12.48.15-1-400x266.jpeg\" alt=\"\" width=\"300\" height=\"200\" srcset=\"https:\/\/nieuwe-nederlander.nl\/wp-content\/uploads\/2020\/06\/WhatsApp-Image-2020-06-28-at-12.48.15-1-400x266.jpeg 400w, https:\/\/nieuwe-nederlander.nl\/wp-content\/uploads\/2020\/06\/WhatsApp-Image-2020-06-28-at-12.48.15-1-650x432.jpeg 650w, https:\/\/nieuwe-nederlander.nl\/wp-content\/uploads\/2020\/06\/WhatsApp-Image-2020-06-28-at-12.48.15-1-250x166.jpeg 250w, https:\/\/nieuwe-nederlander.nl\/wp-content\/uploads\/2020\/06\/WhatsApp-Image-2020-06-28-at-12.48.15-1-768x510.jpeg 768w, https:\/\/nieuwe-nederlander.nl\/wp-content\/uploads\/2020\/06\/WhatsApp-Image-2020-06-28-at-12.48.15-1-1536x1020.jpeg 1536w, https:\/\/nieuwe-nederlander.nl\/wp-content\/uploads\/2020\/06\/WhatsApp-Image-2020-06-28-at-12.48.15-1-150x100.jpeg 150w, https:\/\/nieuwe-nederlander.nl\/wp-content\/uploads\/2020\/06\/WhatsApp-Image-2020-06-28-at-12.48.15-1-800x532.jpeg 800w, https:\/\/nieuwe-nederlander.nl\/wp-content\/uploads\/2020\/06\/WhatsApp-Image-2020-06-28-at-12.48.15-1-1200x797.jpeg 1200w, https:\/\/nieuwe-nederlander.nl\/wp-content\/uploads\/2020\/06\/WhatsApp-Image-2020-06-28-at-12.48.15-1.jpeg 1600w\" sizes=\"auto, (max-width: 300px) 100vw, 300px\" \/> <img loading=\"lazy\" decoding=\"async\" class=\"alignnone size-medium wp-image-2297\" src=\"https:\/\/nieuwe-nederlander.nl\/wp-content\/uploads\/2020\/06\/WhatsApp-Image-2020-06-28-at-12.48.15-2-400x266.jpeg\" alt=\"\" width=\"300\" height=\"200\" srcset=\"https:\/\/nieuwe-nederlander.nl\/wp-content\/uploads\/2020\/06\/WhatsApp-Image-2020-06-28-at-12.48.15-2-400x266.jpeg 400w, https:\/\/nieuwe-nederlander.nl\/wp-content\/uploads\/2020\/06\/WhatsApp-Image-2020-06-28-at-12.48.15-2-650x432.jpeg 650w, https:\/\/nieuwe-nederlander.nl\/wp-content\/uploads\/2020\/06\/WhatsApp-Image-2020-06-28-at-12.48.15-2-250x166.jpeg 250w, https:\/\/nieuwe-nederlander.nl\/wp-content\/uploads\/2020\/06\/WhatsApp-Image-2020-06-28-at-12.48.15-2-768x510.jpeg 768w, https:\/\/nieuwe-nederlander.nl\/wp-content\/uploads\/2020\/06\/WhatsApp-Image-2020-06-28-at-12.48.15-2-1536x1020.jpeg 1536w, https:\/\/nieuwe-nederlander.nl\/wp-content\/uploads\/2020\/06\/WhatsApp-Image-2020-06-28-at-12.48.15-2-150x100.jpeg 150w, https:\/\/nieuwe-nederlander.nl\/wp-content\/uploads\/2020\/06\/WhatsApp-Image-2020-06-28-at-12.48.15-2-800x532.jpeg 800w, https:\/\/nieuwe-nederlander.nl\/wp-content\/uploads\/2020\/06\/WhatsApp-Image-2020-06-28-at-12.48.15-2-1200x797.jpeg 1200w, https:\/\/nieuwe-nederlander.nl\/wp-content\/uploads\/2020\/06\/WhatsApp-Image-2020-06-28-at-12.48.15-2.jpeg 1600w\" sizes=\"auto, (max-width: 300px) 100vw, 300px\" \/><\/p>\n<p>De heer G\u00fcl werk op dit moment gelukkig weer in de IT-sector in Nederland waar hij het zeer naar zijn zin heeft. Ook zijn echtgenote G\u00fclhan G\u00fcl heeft haar draai hier inmiddels ook weer gevonden. Hun dochter Maria is nog jong maar spreekt inmiddels de Nederlandse taal goed en ook zij kan zich prima bewegen in de nieuwe leefomgeving. De heer G\u00fcl meldde dat zij hun gevoelens en gedachten hebben kunnen afstemmen op die van Gerty en Edu en met name dat vergroot voor ons onze hoop op een wederom goed leven.<\/p>\n<p>Kasim vertelt verder: \u201cdat de Nederlanders die ze hier ontmoetten erg goed voor hen waren\u201d. \u201cNa een periode van bijna een jaar zijn hun gebeden vervuld geworden.\u201d Kas\u0131m, G\u00fclhan en Meryem G\u00fcl zeggen dat ze meer dan een jaar in Nederland zijn. &#8220;Toen we naar Nederland kwamen, ontmoetten we lokale mensen in gezelligheid. Met hen hebben we de beste dialogen gehad. \u201c<\/p>\n<p>Kasim hoopt dat hun weg vergelijkbaar mag zijn voor al die velen die ook hun lot hebben gekregen en in grote moeilijkheden zijn gebracht door de Turkse overheid\u25aa<\/p>\n<p style=\"text-align: center;\"><img loading=\"lazy\" decoding=\"async\" class=\"alignnone  wp-image-2294\" src=\"https:\/\/nieuwe-nederlander.nl\/wp-content\/uploads\/2020\/06\/WhatsApp-Image-2020-06-28-at-12.48.17-400x266.jpeg\" alt=\"\" width=\"302\" height=\"201\" srcset=\"https:\/\/nieuwe-nederlander.nl\/wp-content\/uploads\/2020\/06\/WhatsApp-Image-2020-06-28-at-12.48.17-400x266.jpeg 400w, https:\/\/nieuwe-nederlander.nl\/wp-content\/uploads\/2020\/06\/WhatsApp-Image-2020-06-28-at-12.48.17-650x432.jpeg 650w, https:\/\/nieuwe-nederlander.nl\/wp-content\/uploads\/2020\/06\/WhatsApp-Image-2020-06-28-at-12.48.17-250x166.jpeg 250w, https:\/\/nieuwe-nederlander.nl\/wp-content\/uploads\/2020\/06\/WhatsApp-Image-2020-06-28-at-12.48.17-768x510.jpeg 768w, https:\/\/nieuwe-nederlander.nl\/wp-content\/uploads\/2020\/06\/WhatsApp-Image-2020-06-28-at-12.48.17-1536x1020.jpeg 1536w, https:\/\/nieuwe-nederlander.nl\/wp-content\/uploads\/2020\/06\/WhatsApp-Image-2020-06-28-at-12.48.17-150x100.jpeg 150w, https:\/\/nieuwe-nederlander.nl\/wp-content\/uploads\/2020\/06\/WhatsApp-Image-2020-06-28-at-12.48.17-800x532.jpeg 800w, https:\/\/nieuwe-nederlander.nl\/wp-content\/uploads\/2020\/06\/WhatsApp-Image-2020-06-28-at-12.48.17-1200x797.jpeg 1200w, https:\/\/nieuwe-nederlander.nl\/wp-content\/uploads\/2020\/06\/WhatsApp-Image-2020-06-28-at-12.48.17.jpeg 1600w\" sizes=\"auto, (max-width: 302px) 100vw, 302px\" \/> <img loading=\"lazy\" decoding=\"async\" class=\"alignnone size-medium wp-image-2295\" src=\"https:\/\/nieuwe-nederlander.nl\/wp-content\/uploads\/2020\/06\/WhatsApp-Image-2020-06-28-at-12.48.16-1-400x273.jpeg\" alt=\"\" width=\"300\" height=\"205\" srcset=\"https:\/\/nieuwe-nederlander.nl\/wp-content\/uploads\/2020\/06\/WhatsApp-Image-2020-06-28-at-12.48.16-1-400x273.jpeg 400w, https:\/\/nieuwe-nederlander.nl\/wp-content\/uploads\/2020\/06\/WhatsApp-Image-2020-06-28-at-12.48.16-1-650x444.jpeg 650w, https:\/\/nieuwe-nederlander.nl\/wp-content\/uploads\/2020\/06\/WhatsApp-Image-2020-06-28-at-12.48.16-1-250x171.jpeg 250w, https:\/\/nieuwe-nederlander.nl\/wp-content\/uploads\/2020\/06\/WhatsApp-Image-2020-06-28-at-12.48.16-1-768x524.jpeg 768w, https:\/\/nieuwe-nederlander.nl\/wp-content\/uploads\/2020\/06\/WhatsApp-Image-2020-06-28-at-12.48.16-1-150x102.jpeg 150w, https:\/\/nieuwe-nederlander.nl\/wp-content\/uploads\/2020\/06\/WhatsApp-Image-2020-06-28-at-12.48.16-1-800x546.jpeg 800w, https:\/\/nieuwe-nederlander.nl\/wp-content\/uploads\/2020\/06\/WhatsApp-Image-2020-06-28-at-12.48.16-1-1200x819.jpeg 1200w, https:\/\/nieuwe-nederlander.nl\/wp-content\/uploads\/2020\/06\/WhatsApp-Image-2020-06-28-at-12.48.16-1.jpeg 1280w\" sizes=\"auto, (max-width: 300px) 100vw, 300px\" \/><\/p>\n","protected":false},"excerpt":{"rendered":"<p>Een recept voor succesvolle integratie Door: Basri Dogan, 14 februari 2020 We volgen de familie G\u00fcl in Delden die na de coup van 15 juli 2016 uit Turkije zijn verjaagd en in Nederland in een AZC in Winterswijk terechtkwamen. E\u00e9n van de gelukjes in dat AZC was dat ze in aanraking kwamen met twee Nederlandse [&hellip;]<\/p>\n","protected":false},"author":2,"featured_media":0,"comment_status":"open","ping_status":"open","sticky":false,"template":"","format":"standard","meta":{"footnotes":""},"categories":[277],"tags":[],"class_list":["post-2252","post","type-post","status-publish","format-standard","hentry","category-algemeen"],"_links":{"self":[{"href":"https:\/\/nieuwe-nederlander.nl\/index.php?rest_route=\/wp\/v2\/posts\/2252","targetHints":{"allow":["GET"]}}],"collection":[{"href":"https:\/\/nieuwe-nederlander.nl\/index.php?rest_route=\/wp\/v2\/posts"}],"about":[{"href":"https:\/\/nieuwe-nederlander.nl\/index.php?rest_route=\/wp\/v2\/types\/post"}],"author":[{"embeddable":true,"href":"https:\/\/nieuwe-nederlander.nl\/index.php?rest_route=\/wp\/v2\/users\/2"}],"replies":[{"embeddable":true,"href":"https:\/\/nieuwe-nederlander.nl\/index.php?rest_route=%2Fwp%2Fv2%2Fcomments&post=2252"}],"version-history":[{"count":3,"href":"https:\/\/nieuwe-nederlander.nl\/index.php?rest_route=\/wp\/v2\/posts\/2252\/revisions"}],"predecessor-version":[{"id":2301,"href":"https:\/\/nieuwe-nederlander.nl\/index.php?rest_route=\/wp\/v2\/posts\/2252\/revisions\/2301"}],"wp:attachment":[{"href":"https:\/\/nieuwe-nederlander.nl\/index.php?rest_route=%2Fwp%2Fv2%2Fmedia&parent=2252"}],"wp:term":[{"taxonomy":"category","embeddable":true,"href":"https:\/\/nieuwe-nederlander.nl\/index.php?rest_route=%2Fwp%2Fv2%2Fcategories&post=2252"},{"taxonomy":"post_tag","embeddable":true,"href":"https:\/\/nieuwe-nederlander.nl\/index.php?rest_route=%2Fwp%2Fv2%2Ftags&post=2252"}],"curies":[{"name":"wp","href":"https:\/\/api.w.org\/{rel}","templated":true}]}}