{"id":2316,"date":"2020-06-28T22:34:02","date_gmt":"2020-06-28T22:34:02","guid":{"rendered":"https:\/\/nieuwe-nederlander.nl\/?p=2316"},"modified":"2020-06-28T22:34:02","modified_gmt":"2020-06-28T22:34:02","slug":"journalist-basri-dogan-doet-aangifte-tegen-denk-raadslid-2","status":"publish","type":"post","link":"https:\/\/nieuwe-nederlander.nl\/?p=2316","title":{"rendered":"Journalist Basri Do\u011fan doet aangifte tegen DENK-raadslid"},"content":{"rendered":"<p>Journalist Basri Do\u011fan doet aangifte tegen DENK-raadslid<\/p>\n<p>23 mei 2020, door Cees Buys<\/p>\n<p><strong>Journalist Basri Do\u011fan is afgelopen week wederom naar het politiebureau geweest om formeel aangifte te doen. Deze keer betrof het een aangifte ingediend wegens smaad en laster. Na de bedreigingen van journalisten in 2019, heeft minister Ferd Grapperhaus op maandag 4 november 2019 tijdens zijn lezing voor de NVJ (Ned. Ver. van Journalisten) in Pakhuis De Zwijger in Amsterdam, aangegeven dat het onacceptabel is journalisten te bedreigen en dat de strafmaat hiervoor zal verdubbelen. Het moet volgens de Minister stoppen. Basri Do\u011fan is sinds de vermeende coup in Turkije van 15 juli 2016 al 15 keer met de dood bedreigd en even zoveel keer heeft hij aangifte gedaan en met succes. Het is daarna wat rustiger geworden, tot nu.<\/strong><\/p>\n<p><img loading=\"lazy\" decoding=\"async\" class=\"alignnone size-full wp-image-2317 aligncenter\" src=\"https:\/\/nieuwe-nederlander.nl\/wp-content\/uploads\/2020\/06\/Schermafbeelding-2020-06-29-om-00.30.04.png\" alt=\"\" width=\"225\" height=\"320\" srcset=\"https:\/\/nieuwe-nederlander.nl\/wp-content\/uploads\/2020\/06\/Schermafbeelding-2020-06-29-om-00.30.04.png 225w, https:\/\/nieuwe-nederlander.nl\/wp-content\/uploads\/2020\/06\/Schermafbeelding-2020-06-29-om-00.30.04-150x213.png 150w\" sizes=\"auto, (max-width: 225px) 100vw, 225px\" \/><\/p>\n<p>Nu is het het Amsterdamse Denk-raadslid dat komt met onacceptabele beschuldigingen. Dit DENK-raadslid \u00a0meldt: \u201cHet feit dat ook G\u00fclenisten een koninklijke onderscheiding hebben gekregen, betekent een \u2018devaluatie\u2019 van deze onderscheiding. Zou een aanhanger van Hitler, Mussolini, Franco of Ratko Mladic ook deze onderscheiding krijgen?\u201d. Hij doelt hier onder andere op de Nederlandse journalist Basri Do\u011fan.<\/p>\n<p>In dit nieuwsartikel is journalist Basri Do\u011fan blootgesteld aan beledigingen, ongefundeerde beschuldigingen, verdachtmakingen en schadelijke publiciteit. Basri zegt desgevraagd: \u201cHet bericht is er duidelijk op gericht om mij in een kwaad daglicht te stellen en om mijn goede reputatie aan te tasten.\u202fIk wens dat deze persoon en personen strafrechtelijk worden vervolgd.\u201d En \u201cDaarnaast voel mij bedreigd en vrees ik voor de veiligheid van mijn familie.\u201d<br \/>\nVerder meldt Basri: \u201cdeze man en Amsterdamse Denk-aanhanger is ook nog eens docent burgerschap bij de ROC van Amsterdam. Ik hoop dat iedereen nu weet wat voor een man dit is. Iemand die door Erdo\u011fan is ge\u00efnfecteerd, kan deze schadelijke infectie alleen maar doorgeven.\u201d<\/p>\n<p>Na enige navraag weet ik dat Basri Do\u011fan een zeer gewaardeerde Nederlander is die respect, vriendschap en acceptatie ontvangt in de hoogste regionen van Nederland.<\/p>\n<p><img loading=\"lazy\" decoding=\"async\" class=\"alignnone size-full wp-image-2318 aligncenter\" src=\"https:\/\/nieuwe-nederlander.nl\/wp-content\/uploads\/2020\/06\/Schermafbeelding-2020-06-29-om-00.30.37.png\" alt=\"\" width=\"320\" height=\"213\" srcset=\"https:\/\/nieuwe-nederlander.nl\/wp-content\/uploads\/2020\/06\/Schermafbeelding-2020-06-29-om-00.30.37.png 320w, https:\/\/nieuwe-nederlander.nl\/wp-content\/uploads\/2020\/06\/Schermafbeelding-2020-06-29-om-00.30.37-250x166.png 250w, https:\/\/nieuwe-nederlander.nl\/wp-content\/uploads\/2020\/06\/Schermafbeelding-2020-06-29-om-00.30.37-150x100.png 150w\" sizes=\"auto, (max-width: 320px) 100vw, 320px\" \/><\/p>\n<p>Foto van Basri Do\u011fan samen met premier Mark Rutte op Prinsjesdag 2019<\/p>\n<p>Basri Do\u011fan: \u201cIk weet niet of het een afleidingsmanoeuvre is van dit Denk-Raadslid om de aandacht af te leiden van de chaos binnen zijn partij (landelijk &amp; lokaal) of dat hij buikpijn heeft van de onderscheiding die ik mocht ontvangen wegens jarenlange vrijwillige inzet voor de samenleving en verdere integratie. Het valt hem in ieder geval wel zwaar.\u201d<\/p>\n<p>Basri meldt me verder dat hij al 28 jaar in Nederland is en trots is dat hij het Nederlandse paspoort heeft (red: en niet de dubbele nationaliteit). Hij stelt dat hij, uit betrouwbare bronnen, weet dat deze man en al die vele mensen met hem, haat zaaien over de zogenoemde Hizmet-aanhangers (red: dat zijn mensen die zich laten inspireren door het gedachtegoed van moslimleider Fethullah G\u00fclen waarmee de huidige Turkse president Erdo\u011fan in zware onmin verkeert), dat deze haatzaaiers worden ge\u00efnjecteerd en daarmee ge\u00efnfecteerd door het gedachtegoed van Erdo\u011fan. We herinneren ons ook de beledigingen van president Erdo\u011fan aan het adres van alle Nederlanders en zelfs onze premier Rutte, die hij \u2018nazi-overblijfselen en fascist\u2019 noemde. Volstrekte nonsens natuurlijk. Echter, die Nederlandse Turken, die dit gedachtegoed van Erdo\u011fan omarmen en verder voeden en uitdragen, horen die wel in Nederland thuis?<\/p>\n<p>Basri meldde me verder dat het voor hem een grote verrassing was toen hij op 24 april 2020 werd gebeld door de burgemeester van Amsterdam, mevrouw Femke Halsema. Basri kreeg toen te horen dat hij een lintje (Orde van Oranje-Nassau) zou krijgen van de Koning voor zijn jarenlange maatschappelijke bijdrage als vrijwilliger. Basri Do\u011fan was daardoor enorm vereerd. Plotseling duikt er vlak daarna een nieuwsartikel op. op\u00a0<a href=\"http:\/\/www.sonhaber.eu\/\">www.sonhaber.eu<\/a>\u00a0(gevestigd in Nederland), dat een &#8216;FETO terrorist&#8217; een lintje heeft ontvangen. Sonhaber.eu is een pro Erdo\u011fan nieuws website. Zie link: LINK: (<a href=\"https:\/\/www.sonhaber.eu\/gundem\/hollanda-da-9-turk-e-kraliyet-nisani-verildi-bazi-isimler-h67637.html\">https:\/\/www.sonhaber.eu\/gundem\/hollanda-da-9-turk-e-kraliyet-nisani-verildi-bazi-isimler-h67637.html<\/a>). Dit artikel is weliswaar in de Turkse taal maar in de vierde alinea staat, vertaald: \u201cDat FETO-terroristen tot de koninklijke prijswinnaars behoorden, bleef niet onopgemerkt. Onder de genoemde namen; voormalig Zaman krantenverslaggever Basri Do\u011fan, schrijver Muzaffer \u00c7etin, FETO sympathisanten Selma Ablak en Izzet \u00d6zkan\u201d.<\/p>\n<p>Zie hier ook de link van het gewraakte DENK-raadslid: (<a href=\"https:\/\/www.platformdergisi.com\/yazi\/haberler\/29731\/devaluatie-van-de-koninklijke-onderscheiding?fbclid=IwAR25ydaYhCLxlS-AGFvpXxTnw5aJzU2f9mISrFSR-nZFqPQNDVBVYwHcfdY#.XsPT8xMzb5a\">https:\/\/www.platformdergisi.com\/yazi\/haberler\/29731\/devaluatie-van-de-koninklijke-onderscheiding?fbclid=IwAR25ydaYhCLxlS-AGFvpXxTnw5aJzU2f9mISrFSR-nZFqPQNDVBVYwHcfdY#.XsPT8xMzb5a<\/a>).<\/p>\n<p>Nu is Basri Do\u011fan beslist geen Turkse terrorist (red: FETO is een afkorting van <strong>FE<\/strong>thulla <strong>T<\/strong>errorist <strong>O<\/strong>rganisatie, verwijzend naar de persoonlijke vijand van president Erdogan, Fethullah G\u00fclen). Basri zegt hier zelf over: \u201cIk ben geen FETO terrorist en heb ermee hiermee ook volstrekt niks te maken. Feto is een acroniem die bedacht is door Erdo\u011fan om de sympathisanten van de Hizmet-beweging zwart te maken. Hierbij wil ik aangifte doen van smaad en laster. Ik ben een journalist en als vrijwilliger actief voor de leefbaarheid, de onderlinge harmonie met Nederlanders en dialoog met andere mensen (vooral andersdenkenden en andersgelovigen).\u201d<br \/>\nAls Amsterdams raadslid zou deze persoon moeten weten dat er maandenlang onderzoek plaatsvindt naar de mensen die een lintje verdienen. Hij moet ook weten dat iedere Hizmet-aanhanger persoonlijk gescreend is door de AIVD (mede naar aanleiding van de zware aantijgingen aan hun adres vanuit de Turkse regering). Zelfs op Tweede Kamer vragen is er indertijd een formeel onderzoek gestart naar de Hizmet-beweging door een Nederlandse autoriteit op dit gebied aan de universiteit van Utrecht, prof. dr. Martin van Bruinesse. Uit dit onderzoek bleek overduidelijk dat de Hizmet-aanhangers in het geheel geen gevaar opleveren voor de Nederlandse samenleving (in tegendeel!). Het feitelijke beeld van Hizmet-aanhangers in Nederland bij de overheid en alle veiligheidsdiensten is positief. Volgens prof. Van Bruinesse is deze groep de best ge\u00efntegreerde migrantengroep. Ze zijn hoogopgeleid, spreken de Nederlandse taal zeer snel, hebben in de regel geen uitkering maar dragen economisch bij aan de Nederlandse economie, etc. Als dit allemaal formeel en minutieus is onderzocht en ook gerapporteerd, waarom schrijft het Amsterdamse Denk-raadslid Numan Yilmaz dan deze onzin? Vrijheid van meningsuiting is een groot goed in Nederland maar bedreigen en beledigen kan niet. Dat zou dit Denk-raadslid toch minimaal moeten weten en daar ook naar leven. Omdat Basri Do\u011fan \u00e9\u00e9n van de personen is, die is geridderd, zou, met de hierboven genoemde feiten, deze Koninklijke onderscheiding zijn gedevalueerd? Basri meldt me verder: \u201cVolgens zijn zienswijze zijn alle diensten binnen de gemeente en het ministerie die zich hiermee bezig houden niet gekwalificeerd en hebben zij er een potje van gemaakt. Wat deze Numan Yilmaz ook heeft gedacht, mij vergelijken met aanhangers van Hitler, Mussolini, Franco, Mladic of de PKK, is op zijn zachts gezegd, misselijkmakend, lasterlijk, bedreigend en volstrekt zot en belachelijk te noemen.\u201d \u201cMijn aangifte jegens Numan Yilmaz zet ik door tot hij formeel door de rechter is veroordeeld.\u201d<\/p>\n<p>Tot zover een verslag van hoe verkeerd het wereldbeeld is van een groep Turkse Nederlanders (die de hier beschreven situatie ook onderschrijven)<strong>\u25aa<\/strong><\/p>\n","protected":false},"excerpt":{"rendered":"<p>Journalist Basri Do\u011fan doet aangifte tegen DENK-raadslid 23 mei 2020, door Cees Buys Journalist Basri Do\u011fan is afgelopen week wederom naar het politiebureau geweest om formeel aangifte te doen. Deze keer betrof het een aangifte ingediend wegens smaad en laster. Na de bedreigingen van journalisten in 2019, heeft minister Ferd Grapperhaus op maandag 4 november [&hellip;]<\/p>\n","protected":false},"author":2,"featured_media":0,"comment_status":"open","ping_status":"open","sticky":false,"template":"","format":"standard","meta":{"footnotes":""},"categories":[277],"tags":[],"class_list":["post-2316","post","type-post","status-publish","format-standard","hentry","category-algemeen"],"_links":{"self":[{"href":"https:\/\/nieuwe-nederlander.nl\/index.php?rest_route=\/wp\/v2\/posts\/2316","targetHints":{"allow":["GET"]}}],"collection":[{"href":"https:\/\/nieuwe-nederlander.nl\/index.php?rest_route=\/wp\/v2\/posts"}],"about":[{"href":"https:\/\/nieuwe-nederlander.nl\/index.php?rest_route=\/wp\/v2\/types\/post"}],"author":[{"embeddable":true,"href":"https:\/\/nieuwe-nederlander.nl\/index.php?rest_route=\/wp\/v2\/users\/2"}],"replies":[{"embeddable":true,"href":"https:\/\/nieuwe-nederlander.nl\/index.php?rest_route=%2Fwp%2Fv2%2Fcomments&post=2316"}],"version-history":[{"count":1,"href":"https:\/\/nieuwe-nederlander.nl\/index.php?rest_route=\/wp\/v2\/posts\/2316\/revisions"}],"predecessor-version":[{"id":2319,"href":"https:\/\/nieuwe-nederlander.nl\/index.php?rest_route=\/wp\/v2\/posts\/2316\/revisions\/2319"}],"wp:attachment":[{"href":"https:\/\/nieuwe-nederlander.nl\/index.php?rest_route=%2Fwp%2Fv2%2Fmedia&parent=2316"}],"wp:term":[{"taxonomy":"category","embeddable":true,"href":"https:\/\/nieuwe-nederlander.nl\/index.php?rest_route=%2Fwp%2Fv2%2Fcategories&post=2316"},{"taxonomy":"post_tag","embeddable":true,"href":"https:\/\/nieuwe-nederlander.nl\/index.php?rest_route=%2Fwp%2Fv2%2Ftags&post=2316"}],"curies":[{"name":"wp","href":"https:\/\/api.w.org\/{rel}","templated":true}]}}