{"id":2324,"date":"2020-06-28T22:55:56","date_gmt":"2020-06-28T22:55:56","guid":{"rendered":"https:\/\/nieuwe-nederlander.nl\/?p=2324"},"modified":"2020-06-28T22:55:56","modified_gmt":"2020-06-28T22:55:56","slug":"leraren-in-nood","status":"publish","type":"post","link":"https:\/\/nieuwe-nederlander.nl\/?p=2324","title":{"rendered":"Leraren in NOOD!"},"content":{"rendered":"<p><strong>Leraren in NOOD!<\/strong><\/p>\n<p><strong>Denken we, als we deze kop zo lezen, primair aan onze Nederlandse leraren die structureel te hoge werkdruk ondervinden, relatief t\u00e9 weinig verdienen en ook structureel t\u00e9 weinig gehoor vinden in politiek Den Haag, dan zit u ernaast. Ik heb het nu even over een andere groep leraren waarbij ik uw welgemeende aandacht vraag voor vluchteling-leraren wereldwijd en die uit Turkije in het bijzonder. Deze groep van leraren zit persoonlijk in zeer grote verdrukking. De Stichting Integratie en Participatie Nieuwkomers en het Victim Educator Platform vormen gezamenlijk het zogenaamde \u2018International Broken Chalk Platform\u2019. Op zaterdag 5 oktober a.s. om 14.30 uur hopen zij in Den Haag de Wereld Leraren Dag (World Teacher\u2019s Day) te \u2018vieren\u2019. Tijdens dit evenement willen zij specifiek aandacht vragen voor AL die leraren die op dit moment worden gemarteld, in gevangen-schap verkeren, zijn verbannen en zelfs zijn gedood vanwege onderdrukking. Specifiek valt in deze de naam van Turkije maar in het algemeen ook vele andere landen in de wereld.<\/strong><\/p>\n<p>De deelnemers aan het Broken Chalk Platform (vertaald: \u2018het platform van het gebroken schoolkrijtje\u2019) zijn allemaal leraren die hun respectievelijke landen hebben moeten ontvluchten en in diverse Europese landen (waaronder ook in Nederland) asiel hebben aangevraagd.<\/p>\n<p>Zoals reeds aangegeven zijn de meeste van deze leraren afkomstig uit Turkije. Europa telt er inmiddels zo\u2019n tienduizend. Ongeveer duizend van hen zijn in Nederland terecht gekomen. Deze leraren hebben beslist geen klachten over salari\u00ebring of werkdruk. Nee, zij vragen slechts onze aandacht voor hun problemen en die betreffen zaken van een veel ernstiger aard. Omwille van het feit dat zij, meestal als moslim, de democratische waarden aanhangen, de dialoog zoeken met andersgelovigen en vrede nastreven naast natuurlijk goed onderwijs voor jonge mensen. In hun onderwijs zijn deze waarden verweven.<\/p>\n<p>Deze mensen hebben, hals-over-kop, alles moeten achterlaten daar ze anders werden ge\u00efnterneerd, gemarteld of zelfs gedood. Een zeer grote en actuele dreiging die hun leven betreft en de levens van hun geliefden. Sinds de vermeende couppoging van medio juli 2016<\/p>\n<p><img loading=\"lazy\" decoding=\"async\" class=\"size-medium wp-image-2325 aligncenter\" src=\"https:\/\/nieuwe-nederlander.nl\/wp-content\/uploads\/2020\/06\/Schermafbeelding-2020-06-29-om-00.41.21.png\" alt=\"\" width=\"300\" height=\"297\" srcset=\"https:\/\/nieuwe-nederlander.nl\/wp-content\/uploads\/2020\/06\/Schermafbeelding-2020-06-29-om-00.41.21.png 320w, https:\/\/nieuwe-nederlander.nl\/wp-content\/uploads\/2020\/06\/Schermafbeelding-2020-06-29-om-00.41.21-250x248.png 250w, https:\/\/nieuwe-nederlander.nl\/wp-content\/uploads\/2020\/06\/Schermafbeelding-2020-06-29-om-00.41.21-150x149.png 150w\" sizes=\"auto, (max-width: 300px) 100vw, 300px\" \/><\/p>\n<p>in Turkije is deze situatie actueel en duurt dus nog altijd voort. De directe agressie jegens deze beroepsgroep is hoog. De foto van de beide leraren en hun twee dochters toont de start van hun vluchtpoging. Van hun spaargeld hebben zij een open boot gekocht en hebben de oversteek naar Griekenland gewaagd. Op het strand van \u00e9\u00e9n van de Griekse eilanden hebben zij zich bekend gemaakt als Turkse vluchtelingen. Ze hebben daar hun boot achter gelaten (met zichtbaar daarop de Turkse vlag) en zijn door de Griekse politie meegenomen.<\/p>\n<p><img loading=\"lazy\" decoding=\"async\" class=\"alignnone size-full wp-image-2326 aligncenter\" src=\"https:\/\/nieuwe-nederlander.nl\/wp-content\/uploads\/2020\/06\/Schermafbeelding-2020-06-29-om-00.44.55.png\" alt=\"\" width=\"320\" height=\"236\" srcset=\"https:\/\/nieuwe-nederlander.nl\/wp-content\/uploads\/2020\/06\/Schermafbeelding-2020-06-29-om-00.44.55.png 320w, https:\/\/nieuwe-nederlander.nl\/wp-content\/uploads\/2020\/06\/Schermafbeelding-2020-06-29-om-00.44.55-250x184.png 250w, https:\/\/nieuwe-nederlander.nl\/wp-content\/uploads\/2020\/06\/Schermafbeelding-2020-06-29-om-00.44.55-150x111.png 150w\" sizes=\"auto, (max-width: 320px) 100vw, 320px\" \/><\/p>\n<p>Deze leraren hebben op dit moment veelal een vluchtelingenstatus en wachten hun verdere lot af in Asielzoekerscentra in Europese landen, waaronder ook Nederland. Zoals de mensen op de drie foto\u2019s in dit artikel, zijn er dus nog circa 10.000.<\/p>\n<p><img loading=\"lazy\" decoding=\"async\" class=\"size-medium wp-image-2327 aligncenter\" src=\"https:\/\/nieuwe-nederlander.nl\/wp-content\/uploads\/2020\/06\/Schermafbeelding-2020-06-29-om-00.46.47-400x262.png\" alt=\"\" width=\"300\" height=\"197\" srcset=\"https:\/\/nieuwe-nederlander.nl\/wp-content\/uploads\/2020\/06\/Schermafbeelding-2020-06-29-om-00.46.47-400x262.png 400w, https:\/\/nieuwe-nederlander.nl\/wp-content\/uploads\/2020\/06\/Schermafbeelding-2020-06-29-om-00.46.47-650x425.png 650w, https:\/\/nieuwe-nederlander.nl\/wp-content\/uploads\/2020\/06\/Schermafbeelding-2020-06-29-om-00.46.47-250x163.png 250w, https:\/\/nieuwe-nederlander.nl\/wp-content\/uploads\/2020\/06\/Schermafbeelding-2020-06-29-om-00.46.47-768x502.png 768w, https:\/\/nieuwe-nederlander.nl\/wp-content\/uploads\/2020\/06\/Schermafbeelding-2020-06-29-om-00.46.47-150x98.png 150w, https:\/\/nieuwe-nederlander.nl\/wp-content\/uploads\/2020\/06\/Schermafbeelding-2020-06-29-om-00.46.47-800x523.png 800w, https:\/\/nieuwe-nederlander.nl\/wp-content\/uploads\/2020\/06\/Schermafbeelding-2020-06-29-om-00.46.47.png 971w\" sizes=\"auto, (max-width: 300px) 100vw, 300px\" \/><\/p>\n<p>Het \u2018Victim Educators Platform\u2019 is het platform dat is opgericht door deze lerarengroep die voornamelijk actief was in diverse Openbare scholen in Turkije.\u00a0 Deze Openbare scholen in Turkije zijn verbonden aan het ministerie van Onderwijs in Turkije. De hier werkende leraren zijn vrijwel allen op staande voet ontslagen middels een Decreetwet (na de vermeende couppoging van 15 juli 2016) vanuit de Turkse overheid op aangeven van de Turkse president Erdo\u011fan.<\/p>\n<p>De primaire missie van dit Victim Educators platform is internationaal aandacht te vragen voor het onrecht dat deze enorme groep leraren is overkomen. Al hun rechtspositionele zekerheden, hun huizen en wat dies meer zij, waren in \u00e9\u00e9n klap verdwenen naast initieel \u00a0hun directe maandelijkse inkomsten.<\/p>\n<p>Voorts heeft de Turkse overheid gemeend een ware heksenjacht op hen te openen vanwege hun gedrag, intenties en de filosofie die zij aanhangen. Dit zonder formele juridische aanklacht en zonder een eerlijk juridisch proces. Het is hen als het ware \u2018overkomen\u2019. \u2018Van vrijheid op het ene moment naar onvrijheid op het volgende\u2019, zo meldde mij \u00e9\u00e9n van hen.<\/p>\n<p>Ook vragen zij aandacht voor hun situatie waarbij hulp van de autochtone bevolking zeer wordt gewaardeerd. Deze volledig ontheemde leraren zoeken naarstig naar strohalmen waaraan ze zich kunnen vastklampen om zo weer een bestaan te kunnen opbouwen in de regio waar zij, met hun vluchtelingenstatus, zijn neergestreken. De eerste stap voor hen is de taal te leren van het land waarin ze zijn neergestreken.<\/p>\n<p>Nu zult u zich, net als ik, afvragen waarom een land als Turkije het leven van duizenden van haar leraren plotsklaps onmogelijk maakt. Waarom moeten bijvoorbeeld deze leraren de gevangenis in, worden sommigen van hen gemarteld en vinden enkelen van hen zelfs de dood? Waarom gebeurt dit vervolgens ook met hun partners en kinderen (en zelfs met hun baby\u2019s)? Je zou dan denken dat deze mensen iets vreselijks op hun kerfstok hebben. Ik heb e.e.a. onderzocht en met een aantal van deze mensen ook gesproken. Daarbij ben ik tot de onthutsende conclusie gekomen dat deze mensen dit lot is beschoren omdat ze, zoals eerder gemeld, de dialoog zoeken met andersgelovigen en persoonlijk streven naar vrede met hen. Zij staan harmonieuze samenlevingsmodellen voor. De beweging die ze in deze vormen, heet de Hizmet-beweging (zie ook link: <a href=\"https:\/\/www.hizmetbeweging.nl\/over-hizmet\/wat-is-de-hizmetbeweging\/\">https:\/\/www.hizmetbeweging.nl\/over-hizmet\/wat-is-de-hizmetbeweging\/<\/a> ). De filosofie en de waarden die ze vertegenwoordigen voeren terug naar een persoonlijke machtsstrijd tussen twee gewezen kameraden: de Turkse zittende president Erdo\u011fan en de geestelijk leider G\u00fclen. Wat ik in mijn zoektocht heb kunnen achterhalen, is dat de heer G\u00fclen d\u00e9 inspirator achter de Hizmet-beweging is. Het is de heer G\u00fclen die een harmonieuze samenleving voorstaat tussen \u2018gelovigen\u2019 en \u2018niet-gelovigen\u2019 waarin respect en tolerantie over en weer een feit is. Als je dit zo leest, dan rijst automatisch de vraag op welke waarden president Erdo\u011fan vertegenwoordigt dat beiden zo lijnrecht tegenover elkaar zijn komen te staan? Zie in deze ook de verhelderende reportage van Caroline van den Heuvel bij E\u00e9n-Vandaag van AvroTros: <a href=\"https:\/\/eenvandaag.avrotros.nl\/item\/erdogan-en-guelen-van-vriend-tot-vijand\/\">https:\/\/eenvandaag.avrotros.nl\/item\/erdogan-en-guelen-van-vriend-tot-vijand\/<\/a>.<\/p>\n<p>De eerste conclusie na mijn onderzoek is dat het lot van deze Turkse ex-leraren \u00e9\u00e9n-op-\u00e9\u00e9n verbonden is aan het hier beschreven verschil in opvattingen tussen beide leiders. Wordt vervolgd\u25aa<\/p>\n<p>&nbsp;<\/p>\n<p>Cees Buys\u00a0correspondent van nieuwe-nederlander.nl<\/p>\n<p>&nbsp;<\/p>\n","protected":false},"excerpt":{"rendered":"<p>Leraren in NOOD! Denken we, als we deze kop zo lezen, primair aan onze Nederlandse leraren die structureel te hoge werkdruk ondervinden, relatief t\u00e9 weinig verdienen en ook structureel t\u00e9 weinig gehoor vinden in politiek Den Haag, dan zit u ernaast. Ik heb het nu even over een andere groep leraren waarbij ik uw welgemeende [&hellip;]<\/p>\n","protected":false},"author":2,"featured_media":0,"comment_status":"open","ping_status":"open","sticky":false,"template":"","format":"standard","meta":{"footnotes":""},"categories":[277],"tags":[],"class_list":["post-2324","post","type-post","status-publish","format-standard","hentry","category-algemeen"],"_links":{"self":[{"href":"https:\/\/nieuwe-nederlander.nl\/index.php?rest_route=\/wp\/v2\/posts\/2324","targetHints":{"allow":["GET"]}}],"collection":[{"href":"https:\/\/nieuwe-nederlander.nl\/index.php?rest_route=\/wp\/v2\/posts"}],"about":[{"href":"https:\/\/nieuwe-nederlander.nl\/index.php?rest_route=\/wp\/v2\/types\/post"}],"author":[{"embeddable":true,"href":"https:\/\/nieuwe-nederlander.nl\/index.php?rest_route=\/wp\/v2\/users\/2"}],"replies":[{"embeddable":true,"href":"https:\/\/nieuwe-nederlander.nl\/index.php?rest_route=%2Fwp%2Fv2%2Fcomments&post=2324"}],"version-history":[{"count":1,"href":"https:\/\/nieuwe-nederlander.nl\/index.php?rest_route=\/wp\/v2\/posts\/2324\/revisions"}],"predecessor-version":[{"id":2328,"href":"https:\/\/nieuwe-nederlander.nl\/index.php?rest_route=\/wp\/v2\/posts\/2324\/revisions\/2328"}],"wp:attachment":[{"href":"https:\/\/nieuwe-nederlander.nl\/index.php?rest_route=%2Fwp%2Fv2%2Fmedia&parent=2324"}],"wp:term":[{"taxonomy":"category","embeddable":true,"href":"https:\/\/nieuwe-nederlander.nl\/index.php?rest_route=%2Fwp%2Fv2%2Fcategories&post=2324"},{"taxonomy":"post_tag","embeddable":true,"href":"https:\/\/nieuwe-nederlander.nl\/index.php?rest_route=%2Fwp%2Fv2%2Ftags&post=2324"}],"curies":[{"name":"wp","href":"https:\/\/api.w.org\/{rel}","templated":true}]}}