{"id":2367,"date":"2020-06-29T11:24:07","date_gmt":"2020-06-29T11:24:07","guid":{"rendered":"https:\/\/nieuwe-nederlander.nl\/?p=2367"},"modified":"2020-06-29T11:24:07","modified_gmt":"2020-06-29T11:24:07","slug":"turkije-glijdt-af-naar-de-middeleeuwen","status":"publish","type":"post","link":"https:\/\/nieuwe-nederlander.nl\/?p=2367","title":{"rendered":"TURKIJE GLIJDT AF NAAR DE MIDDELEEUWEN"},"content":{"rendered":"<p><strong>Vrijdag 1 november jl. organiseerde de heer Mustafa Ayranc\u0131, voorzitter van de Turkse Arbeiders Vereniging (HTIB) in een ruimte aan het tweede Weteringplantsoen in Amsterdam een bijeenkomst. Deze bijeenkomst had de vorm van een publiek interview met twee auteurs en journalisten uit Turkije, de heren Levent G\u00fcltekin en Ismail Saymaz. Doel van deze bijeenkomst was een actueel beeld te geven van het huidige Turkse staatsbestel onder leiding van het huidige Erdo\u011fan-regime.<\/strong><br \/>\n<strong>Het is bijzonder dat Turkse journalisten verslag doen in Amsterdam over de situatie op dit moment in Turkije. Bijzonder in meerder opzicht. Allereerst kunnen zij nu niet meer terug daar zij dan, vanwege de hier gedane uitspraken, direct worden opgepakt en ge\u00efnterneerd. Daarnaast hebben ze ook geen werk meer, geen inkomen, geen huis. Ze zouden nu paria zijn in hun eigen land. Een verslag van deze avond waarbij beide journalisten hun schokkende verhaal deden.<\/strong><\/p>\n<p><img loading=\"lazy\" decoding=\"async\" class=\"alignnone size-medium wp-image-2368 aligncenter\" src=\"https:\/\/nieuwe-nederlander.nl\/wp-content\/uploads\/2020\/06\/Schermafbeelding-2020-06-29-om-13.22.30-400x275.png\" alt=\"\" width=\"300\" height=\"206\" srcset=\"https:\/\/nieuwe-nederlander.nl\/wp-content\/uploads\/2020\/06\/Schermafbeelding-2020-06-29-om-13.22.30-400x275.png 400w, https:\/\/nieuwe-nederlander.nl\/wp-content\/uploads\/2020\/06\/Schermafbeelding-2020-06-29-om-13.22.30-250x172.png 250w, https:\/\/nieuwe-nederlander.nl\/wp-content\/uploads\/2020\/06\/Schermafbeelding-2020-06-29-om-13.22.30-150x103.png 150w, https:\/\/nieuwe-nederlander.nl\/wp-content\/uploads\/2020\/06\/Schermafbeelding-2020-06-29-om-13.22.30.png 642w\" sizes=\"auto, (max-width: 300px) 100vw, 300px\" \/><\/p>\n<p>Levent en Ismail gaven onafhankelijk van elkaar een vergelijkbare boodschap: Turkije is niet veilig meer voor haar eigen inwoners die een andere mening hebben dan die van het Erdo\u011fan-regime. Inwoners van Turkije leven inmiddels in grote angst. Waren het eerst de aanhangers van de geestelijke leider Fethullah G\u00fclen, die het moesten ontgelden en inmiddels van alles en nog wat zijn ontroofd en verdreven naar buiten Turkije, nu is het iedere inwoner met een afwijkende mening. Vrijheid van meningsuiting en vrijheid van pers bestaan niet meer. De democratie is nog slechts een fa\u00e7ade en ook het Turkse parlement is nog slechts een symbolisch fenomeen. De absolute macht is in handen van slechts \u00e9\u00e9n man: Erdo\u011fan: de \u2018democratisch\u2019 gekozen president die inmiddels is verworden tot een ware dictator. Deze Erdo\u011fan beheerst de pers, het OM, de rechterlijke macht, het onderwijs en andere publieke en semipublieke instellingen, verkiezingen, kortom het complete dagelijkse leven in Turkije is in handen van haar president. Geheel Turkije zucht op dit moment bedekt onder een zware deken van angst. Ben je openlijk tegen Erdo\u011fan, dan raak je alles kwijt en ben je in de kortste keren een gevangene, paria of erger in je eigen land, zo betoogden zij.<\/p>\n<p>Auteur en journalist Levent G\u00fcltekin maakte voorts melding van een enorme politieke desintegratie in Turkije. De \u2018lange arm\u2019 van Erdo\u011fan dreigt ook zijn volgelingen in Europa te mobiliseren en vormt daarmee een direct gevaar voor onze democratie en vrijheid. Inmiddels kan iedereen nu openlijk ook zien dat onder het angst-regime van Erdo\u011fan al een ware vluchtelingenstroom op gang is gekomen van de z.g. G\u00fclen-aanhangers. Het angst-zaaien door het Erdo\u011fan-regime is met deze groep gestart en gaat nog elke dag door.<\/p>\n<p>Ismail meldt voorts dat de verkiezingen in Turkije inmiddels ook nog slechts symbolisch zijn en gemanipuleerd in het voordeel van de machtige man daar. Zelfs de \u2018linkse partijen\u2019 die zogenaamd de verkiezingen hebben gewonnen in Istanbul, Ankara en meer, zijn nog slechts symbolisch van aard en dienen enkel en alleen om de internationale gemeenschap en hun regeringen zand in de ogen te strooien als zou Turkije een democratie zijn.<\/p>\n<p><img loading=\"lazy\" decoding=\"async\" class=\"alignnone size-medium wp-image-2369 aligncenter\" src=\"https:\/\/nieuwe-nederlander.nl\/wp-content\/uploads\/2020\/06\/Schermafbeelding-2020-06-29-om-13.23.26-400x208.png\" alt=\"\" width=\"300\" height=\"156\" srcset=\"https:\/\/nieuwe-nederlander.nl\/wp-content\/uploads\/2020\/06\/Schermafbeelding-2020-06-29-om-13.23.26-400x208.png 400w, https:\/\/nieuwe-nederlander.nl\/wp-content\/uploads\/2020\/06\/Schermafbeelding-2020-06-29-om-13.23.26-250x130.png 250w, https:\/\/nieuwe-nederlander.nl\/wp-content\/uploads\/2020\/06\/Schermafbeelding-2020-06-29-om-13.23.26-150x78.png 150w, https:\/\/nieuwe-nederlander.nl\/wp-content\/uploads\/2020\/06\/Schermafbeelding-2020-06-29-om-13.23.26.png 647w\" sizes=\"auto, (max-width: 300px) 100vw, 300px\" \/><\/p>\n<p>Iedere vorm van protest wordt direct gesanctioneerd, meldde beide journalisten. Als politie en justitie in handen zijn van \u00e9\u00e9n machtige hand, kun je maar beter je mond dicht houden in het Turkije van nu. Zo zie je inmiddels dat de mensen \u2018stil\u2019 zijn geworden. Ook melden beide journalisten dat Erdo\u011fan geen goede leider is. Hij maakt inmiddels fout op fout daar hij slechts marionetten om zich heeft verzameld die hem naar de mond praten. Erdo\u011fan kan niet alles weten en weet ook niet alles. Dit terwijl een land als Turkije een zeer groot en ook complex land is met nog zeer vele onuitgewerkte thema\u2019s.<\/p>\n<p>Inmiddels zijn de hoogopgeleide Turken (veelal aanhangers van de geestelijke leider Fethullah G\u00fclen) in de verschillende Europese landen neergestreken en pakken inmiddels de draad in hun leven ook weer op. Zij die in middels een verblijfstatus hebben gekregen, zijn nu over het algemeen erg blij weg te zijn uit Turkije. De velen die hen in Turkije hebben aangegeven bij politie en justitie, verblijven nog in Turkije en zitten nu collectief met de \u2018gebakken peren\u2019.<\/p>\n<p>Beide journalisten merkten voorts nog op dat hetgeen is opgebouwd in de afgelopen 80 jaar in rap tempo is afgebroken onder het Erdo\u011fan-regime. Turkije is als regime inmiddels terecht gekomen in een soort middeleeuws staatssysteem. Ook de AKP, de partij van Erdo\u011fan zelf, heeft inmiddels ook nog slechts een symbolische waarde. De verandering naar een absolute dictatuur is nu gebeurd onder de ogen van alle buitenlandse regeringen die passief zijn gebleven en ook de inwoners van Turkije zelf hebben nauwelijks kunnen voorzien welke de effecten zouden zijn van de voortdenderende ambities van de huidige Turkse president.<\/p>\n<p>Van onze eigen contacten in Kazachstan hebben we inmiddels ook begrepen dat de Turkse ondernemers daar ook zeer veel last hebben van de \u2018lange arm\u2019 van de Turkse president. Ons wordt door hen ook gemeld dat de huidige Turkse president \u2018vele malen erger\u2019 is dan bijvoorbeeld Saddam Hoessein, Moammar al-Qadhafi en vergelijkbare dictators\u25aa<\/p>\n","protected":false},"excerpt":{"rendered":"<p>Vrijdag 1 november jl. organiseerde de heer Mustafa Ayranc\u0131, voorzitter van de Turkse Arbeiders Vereniging (HTIB) in een ruimte aan het tweede Weteringplantsoen in Amsterdam een bijeenkomst. Deze bijeenkomst had de vorm van een publiek interview met twee auteurs en journalisten uit Turkije, de heren Levent G\u00fcltekin en Ismail Saymaz. Doel van deze bijeenkomst was [&hellip;]<\/p>\n","protected":false},"author":2,"featured_media":0,"comment_status":"open","ping_status":"open","sticky":false,"template":"","format":"standard","meta":{"footnotes":""},"categories":[1],"tags":[],"class_list":["post-2367","post","type-post","status-publish","format-standard","hentry","category-uncategorized"],"_links":{"self":[{"href":"https:\/\/nieuwe-nederlander.nl\/index.php?rest_route=\/wp\/v2\/posts\/2367","targetHints":{"allow":["GET"]}}],"collection":[{"href":"https:\/\/nieuwe-nederlander.nl\/index.php?rest_route=\/wp\/v2\/posts"}],"about":[{"href":"https:\/\/nieuwe-nederlander.nl\/index.php?rest_route=\/wp\/v2\/types\/post"}],"author":[{"embeddable":true,"href":"https:\/\/nieuwe-nederlander.nl\/index.php?rest_route=\/wp\/v2\/users\/2"}],"replies":[{"embeddable":true,"href":"https:\/\/nieuwe-nederlander.nl\/index.php?rest_route=%2Fwp%2Fv2%2Fcomments&post=2367"}],"version-history":[{"count":1,"href":"https:\/\/nieuwe-nederlander.nl\/index.php?rest_route=\/wp\/v2\/posts\/2367\/revisions"}],"predecessor-version":[{"id":2370,"href":"https:\/\/nieuwe-nederlander.nl\/index.php?rest_route=\/wp\/v2\/posts\/2367\/revisions\/2370"}],"wp:attachment":[{"href":"https:\/\/nieuwe-nederlander.nl\/index.php?rest_route=%2Fwp%2Fv2%2Fmedia&parent=2367"}],"wp:term":[{"taxonomy":"category","embeddable":true,"href":"https:\/\/nieuwe-nederlander.nl\/index.php?rest_route=%2Fwp%2Fv2%2Fcategories&post=2367"},{"taxonomy":"post_tag","embeddable":true,"href":"https:\/\/nieuwe-nederlander.nl\/index.php?rest_route=%2Fwp%2Fv2%2Ftags&post=2367"}],"curies":[{"name":"wp","href":"https:\/\/api.w.org\/{rel}","templated":true}]}}