{"id":2382,"date":"2020-06-29T11:32:59","date_gmt":"2020-06-29T11:32:59","guid":{"rendered":"https:\/\/nieuwe-nederlander.nl\/?p=2382"},"modified":"2020-06-29T20:26:58","modified_gmt":"2020-06-29T20:26:58","slug":"21-zeker-780-babys-vast-in-turkse-gevangenissen","status":"publish","type":"post","link":"https:\/\/nieuwe-nederlander.nl\/?p=2382","title":{"rendered":"21 Zeker 780 baby\u2019s vast in Turkse gevangenissen"},"content":{"rendered":"<p>december 2019 door Cees Buys<\/p>\n<p><strong>\u00a0<\/strong><\/p>\n<p><strong>Op 21 december 2019 vond een demonstratie plaats op de Dam in Amsterdam, georganiseerd door het \u2018International Broken Chalk Platform\u2019. Ze zijn bijeengekomen om te demonstreren tegen het Erdo\u011fan-regime in Turkije. E\u00e9n en ander in het kader van het feit dat het vrijdag, 20 december jl., de Internationale Human Solidarity Day was, ge\u00efnitieerd door en vanuit de Verenigde Naties. Het \u2018International Broken Chalk Platform heeft een persbericht uitgebracht dat hieronder wordt weergegeven naast nog enkele actualiteiten vanuit Turkije.<\/strong><\/p>\n<p><img loading=\"lazy\" decoding=\"async\" class=\"alignnone size-medium wp-image-2380 aligncenter\" src=\"https:\/\/nieuwe-nederlander.nl\/wp-content\/uploads\/2020\/06\/Schermafbeelding-2020-06-29-om-13.29.02-400x261.png\" alt=\"\" width=\"300\" height=\"196\" srcset=\"https:\/\/nieuwe-nederlander.nl\/wp-content\/uploads\/2020\/06\/Schermafbeelding-2020-06-29-om-13.29.02-400x261.png 400w, https:\/\/nieuwe-nederlander.nl\/wp-content\/uploads\/2020\/06\/Schermafbeelding-2020-06-29-om-13.29.02-250x163.png 250w, https:\/\/nieuwe-nederlander.nl\/wp-content\/uploads\/2020\/06\/Schermafbeelding-2020-06-29-om-13.29.02-150x98.png 150w, https:\/\/nieuwe-nederlander.nl\/wp-content\/uploads\/2020\/06\/Schermafbeelding-2020-06-29-om-13.29.02.png 648w\" sizes=\"auto, (max-width: 300px) 100vw, 300px\" \/><\/p>\n<p><u>Hun persbericht, woordelijk weergegeven:\u00a0 <\/u><\/p>\n<p>\u201cVandaag zijn we bijeen met betrekking tot het feit dat 20 december Humanitaire de Solidariteitsdag van de Verenigde Naties was. Als \u2018International Broken Chalk Platform\u2019 moeten we hierbij de stem zijn van alle ouders, studenten en de hele mensheid die van hun leven zijn beroofd als gevolg van druk of oorlogen, die niet in staat zijn geweest om gelijkwaardig en kwalitatief onderwijs in de wereld te bereiken , die niet in vrede en gerechtigheid kunnen leven, die onwettig gevangen zijn genomen, zijn onderworpen aan marteling en die hun leven hebben verloren als gevolg van druk of oorlogen\u201d.<\/p>\n<p>\u201cOver de gehele wereld zijn miljoenen mensen gedwongen hun land te verlaten als gevolg van veel onwettigheid en oorlogen, waar al deze mensen als vluchtelingen zijn gaan leven in de landen waar zij asiel hebben aangevraagd. De afgelopen jaren zijn duizenden Turkse ouders en andere professionals, waaronder wij, gedwongen om vluchtelingen in Europa en<\/p>\n<p>andere landen te worden als gevolg van de onderdrukking van het Erdo\u011fan-regime in Turkije\u201d.<\/p>\n<p style=\"text-align: left;\">\u201cHet Turkse Erdo\u011fan-regime heeft zijn beoogde dictatoriale regime met meer vertrouwen dagelijks in de praktijk gebracht met behulp van de zogenaamde staatsgreep op 15 juli 2016 en de noodtoestand, die werden gevolgd door vele onrechtvaardige praktijken. Door het principe van scheiding van machten, onpartijdigheid en onafhankelijkheid van de jurisdictie te overtreden, wil het Erdo\u011fan-regime alle tegenstanderscontroleren, met name Koerden, Alevis, Liberalen en volgelingen van de Hizmet-beweging\u201d.<img loading=\"lazy\" decoding=\"async\" class=\"alignnone size-medium wp-image-2381\" src=\"https:\/\/nieuwe-nederlander.nl\/wp-content\/uploads\/2020\/06\/Schermafbeelding-2020-06-29-om-13.30.43-400x261.png\" alt=\"\" width=\"300\" height=\"196\" srcset=\"https:\/\/nieuwe-nederlander.nl\/wp-content\/uploads\/2020\/06\/Schermafbeelding-2020-06-29-om-13.30.43-400x261.png 400w, https:\/\/nieuwe-nederlander.nl\/wp-content\/uploads\/2020\/06\/Schermafbeelding-2020-06-29-om-13.30.43-250x163.png 250w, https:\/\/nieuwe-nederlander.nl\/wp-content\/uploads\/2020\/06\/Schermafbeelding-2020-06-29-om-13.30.43-150x98.png 150w, https:\/\/nieuwe-nederlander.nl\/wp-content\/uploads\/2020\/06\/Schermafbeelding-2020-06-29-om-13.30.43.png 634w\" sizes=\"auto, (max-width: 300px) 100vw, 300px\" \/><\/p>\n<p>\u201cEr zijn 54 gedocumenteerde, verdachte doodsincidenten in gevangenissen. Die werden blijkbaar veroorzaakt door marteling en gebrek aan medische zorg. G\u00f6khan A\u00e7\u0131kkollu stierf bijvoorbeeld in gevangenschap door marteling. Zijn medicatie werd niet verstrekt en de afbeeldingen van zijn dood werden gepubliceerd op sociale media\u201d.<\/p>\n<p>\u201cVanwege onwettige en onrechtmatige praktijken van de huidige regering moesten vele tienduizende mensen hun land illegaal verlaten door letterlijk hun leven te riskeren. Er zijn echter veel mensen omgekomen tijdens hun reizen over de Ege\u00efsche Zee en de Evros-rivier\u201d.<\/p>\n<p>\u201cAls gevolg van onwettige en fascistische praktijken van het Erdo\u011fan-regime <strong>worden 780 baby&#8217;s samen met hun moeders in de gevangenis gehouden<\/strong>. Bovendien worstelen duizenden baby&#8217;s en kinderen voor hun leven onder moeilijke omstandigheden, omdat zowel moeders als vaders tegelijkertijd worden gevangen genomen (zonder een eerlijk proces)\u201d.<\/p>\n<p>\u201cSinds 2016 zijn er tot nu toe 29 ontvoering incidenten in Turkije geweest. Ontvoeringen uitgevoerd door Erdo\u011fan-regime zijn echter niet beperkt tot de grenzen van Turkije; het zijn anderen geweest die zich richten op de ouders die in het buitenland wonen. De Turkse minister van Buitenlandse Zaken is trots op de ontvoering van 100 mensen uit 18 landen door de Turkse nationale inlichtingendienst. Van deze mensen is bekend dat ze zijn blootgesteld aan zware martelingen. Leraren en andere professionals zijn ontvoerd in Afghanistan, Azerbeidzjan, Albani\u00eb, Bulgarije, Gabon, Indonesi\u00eb, Kazachstan, Kosovo, Maleisi\u00eb, Myanmar, Thailand, Pakistan en Qatar. Ten slotte is ouder Fatih Keskin in Bosni\u00eb en Herzegovina in hechtenis genomen, waarna hij door de Turkse regering is ontvoerd. Als International Broken Chalk Association nodigen we de hele wereld uit om de stem van deze slachtoffers te zijn en &#8216;Stop&#8217; te zeggen tegen deze onwettige behandelingen\u201d.<\/p>\n<p>\u201cDe omstandigheden van de wereld van vandaag moeten snel veranderen. We noemen met name de extreem moeilijke omstandigheden die we in Turkije tegenkomen, de schendingen van de rechten van de mensen daar en het ontbreken van een vrije rechtsstaat en ook een onafhankelijke pers. Deze situatie veranderen, is alleen mogelijk door de solidariteit van de mensheid en hun regeringen\u201d.<\/p>\n<p>\u201cMet vriendelijke groet hebben we dit bekendgemaakt aan het publiek.<\/p>\n<p>Internationaal Broken Chalk Platform \/ @BrokenChalkNL\u201d<\/p>\n<p><strong>&lt;&lt; Turks interview \u2013 ONDERTITELD &gt;&gt;<\/strong><\/p>\n<p>Tot zover hun persbericht. De vraag blijft nu over wanneer deze ellende in Turkije stopt. Afgelopen week hebben wij uit een Turkse Tv-uitzending de volgende reportage overgenomen die hier mogelijk communiceert dat het Erdo\u011fan-regime \u2018aan het wankelen is\u2019. Deze drie bekende Turken houden hun toeschouwers voor dat \u2018zodra Erdo\u011fan weg is, alle volgelingen van Erdo\u011fan zich moeten voorbereiden dat ook zij zich moeten verantwoorden voor hun daden jegens de tegenstanders van president Erdo\u011fan die hij, en ook zij, zo onmenselijk hard en wreed behandelen: hen van alle materiele zaken berooft, hen martelt en in gevangenschap houdt (inclusief dus circa 780 baby\u2019s) en zelfs doodt. De uitzending van deze drie Turkse heren zegt impliciet ook feitelijk dat het Erdo\u011fan-regime slecht bezig is en met hen vele nog in Turkije wonende Turken: z\u00f3 slecht bezig zijn dat dit gedrag op enig moment onderwerp wordt van juridische vervolging. Voor het gemak van u als lezer hebben we dit drie-gesprek in het Nederlands ondertiteld. Het behoeft verder geen commentaar. Het zegt genoeg en laat het u beroeren en kom ook in actie.<\/p>\n<p>Enige tijd geleden maakten we bekend dat de Turkse advocaat Yilmaz was opgepakt door de Turkse politie omdat hij zogenaamd \u2018collaboreerde\u2019 met diverse Europese overheden. Het Erdogan-regime kreeg zo 4000 vluchtelingendossiers in handen. Deze actie heeft ertoe geleid dat bijvoorbeeld in Nederland en Duitsland de uit Turkije afkomstige vluchtelingen (o.a. G\u00fclen-aanhangers) massaal een verblijfsvergunning hebben gekregen en dus nu veilig zijn\u25aa<\/p>\n","protected":false},"excerpt":{"rendered":"<p>december 2019 door Cees Buys \u00a0 Op 21 december 2019 vond een demonstratie plaats op de Dam in Amsterdam, georganiseerd door het \u2018International Broken Chalk Platform\u2019. Ze zijn bijeengekomen om te demonstreren tegen het Erdo\u011fan-regime in Turkije. E\u00e9n en ander in het kader van het feit dat het vrijdag, 20 december jl., de Internationale Human [&hellip;]<\/p>\n","protected":false},"author":2,"featured_media":0,"comment_status":"open","ping_status":"open","sticky":false,"template":"","format":"standard","meta":{"footnotes":""},"categories":[277],"tags":[],"class_list":["post-2382","post","type-post","status-publish","format-standard","hentry","category-algemeen"],"_links":{"self":[{"href":"https:\/\/nieuwe-nederlander.nl\/index.php?rest_route=\/wp\/v2\/posts\/2382","targetHints":{"allow":["GET"]}}],"collection":[{"href":"https:\/\/nieuwe-nederlander.nl\/index.php?rest_route=\/wp\/v2\/posts"}],"about":[{"href":"https:\/\/nieuwe-nederlander.nl\/index.php?rest_route=\/wp\/v2\/types\/post"}],"author":[{"embeddable":true,"href":"https:\/\/nieuwe-nederlander.nl\/index.php?rest_route=\/wp\/v2\/users\/2"}],"replies":[{"embeddable":true,"href":"https:\/\/nieuwe-nederlander.nl\/index.php?rest_route=%2Fwp%2Fv2%2Fcomments&post=2382"}],"version-history":[{"count":2,"href":"https:\/\/nieuwe-nederlander.nl\/index.php?rest_route=\/wp\/v2\/posts\/2382\/revisions"}],"predecessor-version":[{"id":2394,"href":"https:\/\/nieuwe-nederlander.nl\/index.php?rest_route=\/wp\/v2\/posts\/2382\/revisions\/2394"}],"wp:attachment":[{"href":"https:\/\/nieuwe-nederlander.nl\/index.php?rest_route=%2Fwp%2Fv2%2Fmedia&parent=2382"}],"wp:term":[{"taxonomy":"category","embeddable":true,"href":"https:\/\/nieuwe-nederlander.nl\/index.php?rest_route=%2Fwp%2Fv2%2Fcategories&post=2382"},{"taxonomy":"post_tag","embeddable":true,"href":"https:\/\/nieuwe-nederlander.nl\/index.php?rest_route=%2Fwp%2Fv2%2Ftags&post=2382"}],"curies":[{"name":"wp","href":"https:\/\/api.w.org\/{rel}","templated":true}]}}