{"id":2484,"date":"2020-10-15T14:43:58","date_gmt":"2020-10-15T14:43:58","guid":{"rendered":"https:\/\/nieuwe-nederlander.nl\/?p=2484"},"modified":"2020-10-15T14:43:58","modified_gmt":"2020-10-15T14:43:58","slug":"adjunct-commissaris-mustafa-kabakcioglu-die-al-vier-jaar-onder-arrest-staat-in-het-kader-van-het-onderzoek-tegen-de-hizmet-beweging-stierf-hoestend-in-zijn-cel","status":"publish","type":"post","link":"https:\/\/nieuwe-nederlander.nl\/?p=2484","title":{"rendered":"Adjunct-commissaris Mustafa Kabak\u00e7\u0131o\u011flu, die al vier jaar onder arrest staat in het kader van het onderzoek tegen de Hizmet-beweging, stierf hoestend in zijn cel"},"content":{"rendered":"<p><img loading=\"lazy\" decoding=\"async\" class=\"alignnone size-medium wp-image-2486\" src=\"https:\/\/nieuwe-nederlander.nl\/wp-content\/uploads\/2020\/10\/4C11E453-BDC5-4D5D-BC92-782BBE6D2B47-400x263.jpeg\" alt=\"\" width=\"300\" height=\"197\" srcset=\"https:\/\/nieuwe-nederlander.nl\/wp-content\/uploads\/2020\/10\/4C11E453-BDC5-4D5D-BC92-782BBE6D2B47-400x263.jpeg 400w, https:\/\/nieuwe-nederlander.nl\/wp-content\/uploads\/2020\/10\/4C11E453-BDC5-4D5D-BC92-782BBE6D2B47-650x428.jpeg 650w, https:\/\/nieuwe-nederlander.nl\/wp-content\/uploads\/2020\/10\/4C11E453-BDC5-4D5D-BC92-782BBE6D2B47-250x165.jpeg 250w, https:\/\/nieuwe-nederlander.nl\/wp-content\/uploads\/2020\/10\/4C11E453-BDC5-4D5D-BC92-782BBE6D2B47-768x506.jpeg 768w, https:\/\/nieuwe-nederlander.nl\/wp-content\/uploads\/2020\/10\/4C11E453-BDC5-4D5D-BC92-782BBE6D2B47-150x99.jpeg 150w, https:\/\/nieuwe-nederlander.nl\/wp-content\/uploads\/2020\/10\/4C11E453-BDC5-4D5D-BC92-782BBE6D2B47-800x527.jpeg 800w, https:\/\/nieuwe-nederlander.nl\/wp-content\/uploads\/2020\/10\/4C11E453-BDC5-4D5D-BC92-782BBE6D2B47.jpeg 1024w\" sizes=\"auto, (max-width: 300px) 100vw, 300px\" \/>\u00a0\u00a0Adjunct-commissaris Mustafa Kabak\u00e7\u0131o\u011flu, die al vier jaar onder arrest staat in het kader van het onderzoek tegen de Hizmet-beweging, stierf hoestend in zijn cel<\/p>\n<p>G\u00dcM\u00dc\u015eHANE- T\u00dcRK\u0130JE<\/p>\n<p>De foto&#8217;s zijn gemaakt na de dood van politieagent Mustafa Kabak\u00e7\u0131o\u011flu, die hoestend om het leven is gekomen in zijn cel waar hij gevangen zat. Volgens de bewakers werd Kabak\u00e7\u0131o\u011flu dood aangetroffen in een stoel. De foto&#8217;s die in het kader van het onderzoek zijn gemaakt, laten zien dat Kabak\u00e7\u0131o\u011flu met zijn hoofd achterover gebogen<\/p>\n<p><img loading=\"lazy\" decoding=\"async\" class=\"alignnone size-medium wp-image-2487\" src=\"https:\/\/nieuwe-nederlander.nl\/wp-content\/uploads\/2020\/10\/E6A33011-E175-4C37-851F-97E6A1354C0B-400x271.jpeg\" alt=\"\" width=\"300\" height=\"203\" srcset=\"https:\/\/nieuwe-nederlander.nl\/wp-content\/uploads\/2020\/10\/E6A33011-E175-4C37-851F-97E6A1354C0B-400x271.jpeg 400w, https:\/\/nieuwe-nederlander.nl\/wp-content\/uploads\/2020\/10\/E6A33011-E175-4C37-851F-97E6A1354C0B-650x441.jpeg 650w, https:\/\/nieuwe-nederlander.nl\/wp-content\/uploads\/2020\/10\/E6A33011-E175-4C37-851F-97E6A1354C0B-250x169.jpeg 250w, https:\/\/nieuwe-nederlander.nl\/wp-content\/uploads\/2020\/10\/E6A33011-E175-4C37-851F-97E6A1354C0B-768x521.jpeg 768w, https:\/\/nieuwe-nederlander.nl\/wp-content\/uploads\/2020\/10\/E6A33011-E175-4C37-851F-97E6A1354C0B-150x102.jpeg 150w, https:\/\/nieuwe-nederlander.nl\/wp-content\/uploads\/2020\/10\/E6A33011-E175-4C37-851F-97E6A1354C0B-800x542.jpeg 800w, https:\/\/nieuwe-nederlander.nl\/wp-content\/uploads\/2020\/10\/E6A33011-E175-4C37-851F-97E6A1354C0B.jpeg 1024w\" sizes=\"auto, (max-width: 300px) 100vw, 300px\" \/><br \/>\nop een plastic stoel zit. Op sommige plekken op de muur is schimmel te zien door vochtigheid. De matras ligt 3 meter van de toiletdeur. Het avondeten is niet opgegeten. Het ligt op de vuilnisbak.<\/p>\n<p><img loading=\"lazy\" decoding=\"async\" class=\"alignnone size-medium wp-image-2488\" src=\"https:\/\/nieuwe-nederlander.nl\/wp-content\/uploads\/2020\/10\/B525A070-EF8E-49DE-BA75-989B275F6400-400x291.jpeg\" alt=\"\" width=\"300\" height=\"218\" srcset=\"https:\/\/nieuwe-nederlander.nl\/wp-content\/uploads\/2020\/10\/B525A070-EF8E-49DE-BA75-989B275F6400-400x291.jpeg 400w, https:\/\/nieuwe-nederlander.nl\/wp-content\/uploads\/2020\/10\/B525A070-EF8E-49DE-BA75-989B275F6400-650x472.jpeg 650w, https:\/\/nieuwe-nederlander.nl\/wp-content\/uploads\/2020\/10\/B525A070-EF8E-49DE-BA75-989B275F6400-250x182.jpeg 250w, https:\/\/nieuwe-nederlander.nl\/wp-content\/uploads\/2020\/10\/B525A070-EF8E-49DE-BA75-989B275F6400-768x558.jpeg 768w, https:\/\/nieuwe-nederlander.nl\/wp-content\/uploads\/2020\/10\/B525A070-EF8E-49DE-BA75-989B275F6400-150x109.jpeg 150w, https:\/\/nieuwe-nederlander.nl\/wp-content\/uploads\/2020\/10\/B525A070-EF8E-49DE-BA75-989B275F6400-800x581.jpeg 800w, https:\/\/nieuwe-nederlander.nl\/wp-content\/uploads\/2020\/10\/B525A070-EF8E-49DE-BA75-989B275F6400.jpeg 1024w\" sizes=\"auto, (max-width: 300px) 100vw, 300px\" \/><\/p>\n<p>Het is bijna een 1,5 maand geleden dat deze gebeurtenis zich heeft afgespeeld in de G\u00fcm\u00fc\u015fhane-gevangenis. Het ministerie van Justitie en de algemene directie van gevangenissen en detentiehuizen hebben tot dusverre nog geen woord over het onderwerp gesproken. Adjunct-commissaris Mustafa Kabak\u00e7\u0131o\u011flu, die al vier jaar onder arrest staat in het kader van het onderzoek tegen de Hizmet-beweging, stierf hoestend in zijn cel.<\/p>\n<p><img loading=\"lazy\" decoding=\"async\" class=\"size-medium wp-image-2485 alignnone\" src=\"https:\/\/nieuwe-nederlander.nl\/wp-content\/uploads\/2020\/10\/A28BF049-1F07-4AC3-9F32-F2FE234FC607-400x275.jpeg\" alt=\"\" width=\"300\" height=\"206\" srcset=\"https:\/\/nieuwe-nederlander.nl\/wp-content\/uploads\/2020\/10\/A28BF049-1F07-4AC3-9F32-F2FE234FC607-400x275.jpeg 400w, https:\/\/nieuwe-nederlander.nl\/wp-content\/uploads\/2020\/10\/A28BF049-1F07-4AC3-9F32-F2FE234FC607-650x447.jpeg 650w, https:\/\/nieuwe-nederlander.nl\/wp-content\/uploads\/2020\/10\/A28BF049-1F07-4AC3-9F32-F2FE234FC607-250x172.jpeg 250w, https:\/\/nieuwe-nederlander.nl\/wp-content\/uploads\/2020\/10\/A28BF049-1F07-4AC3-9F32-F2FE234FC607-768x528.jpeg 768w, https:\/\/nieuwe-nederlander.nl\/wp-content\/uploads\/2020\/10\/A28BF049-1F07-4AC3-9F32-F2FE234FC607-150x103.jpeg 150w, https:\/\/nieuwe-nederlander.nl\/wp-content\/uploads\/2020\/10\/A28BF049-1F07-4AC3-9F32-F2FE234FC607-800x550.jpeg 800w, https:\/\/nieuwe-nederlander.nl\/wp-content\/uploads\/2020\/10\/A28BF049-1F07-4AC3-9F32-F2FE234FC607.jpeg 1024w\" sizes=\"auto, (max-width: 300px) 100vw, 300px\" \/><\/p>\n","protected":false},"excerpt":{"rendered":"<p>\u00a0\u00a0Adjunct-commissaris Mustafa Kabak\u00e7\u0131o\u011flu, die al vier jaar onder arrest staat in het kader van het onderzoek tegen de Hizmet-beweging, stierf hoestend in zijn cel G\u00dcM\u00dc\u015eHANE- T\u00dcRK\u0130JE De foto&#8217;s zijn gemaakt na de dood van politieagent Mustafa Kabak\u00e7\u0131o\u011flu, die hoestend om het leven is gekomen in zijn cel waar hij gevangen zat. Volgens de bewakers werd [&hellip;]<\/p>\n","protected":false},"author":2,"featured_media":0,"comment_status":"open","ping_status":"open","sticky":false,"template":"","format":"standard","meta":{"footnotes":""},"categories":[278,279],"tags":[],"class_list":["post-2484","post","type-post","status-publish","format-standard","hentry","category-binnenland","category-buitenland"],"_links":{"self":[{"href":"https:\/\/nieuwe-nederlander.nl\/index.php?rest_route=\/wp\/v2\/posts\/2484","targetHints":{"allow":["GET"]}}],"collection":[{"href":"https:\/\/nieuwe-nederlander.nl\/index.php?rest_route=\/wp\/v2\/posts"}],"about":[{"href":"https:\/\/nieuwe-nederlander.nl\/index.php?rest_route=\/wp\/v2\/types\/post"}],"author":[{"embeddable":true,"href":"https:\/\/nieuwe-nederlander.nl\/index.php?rest_route=\/wp\/v2\/users\/2"}],"replies":[{"embeddable":true,"href":"https:\/\/nieuwe-nederlander.nl\/index.php?rest_route=%2Fwp%2Fv2%2Fcomments&post=2484"}],"version-history":[{"count":1,"href":"https:\/\/nieuwe-nederlander.nl\/index.php?rest_route=\/wp\/v2\/posts\/2484\/revisions"}],"predecessor-version":[{"id":2489,"href":"https:\/\/nieuwe-nederlander.nl\/index.php?rest_route=\/wp\/v2\/posts\/2484\/revisions\/2489"}],"wp:attachment":[{"href":"https:\/\/nieuwe-nederlander.nl\/index.php?rest_route=%2Fwp%2Fv2%2Fmedia&parent=2484"}],"wp:term":[{"taxonomy":"category","embeddable":true,"href":"https:\/\/nieuwe-nederlander.nl\/index.php?rest_route=%2Fwp%2Fv2%2Fcategories&post=2484"},{"taxonomy":"post_tag","embeddable":true,"href":"https:\/\/nieuwe-nederlander.nl\/index.php?rest_route=%2Fwp%2Fv2%2Ftags&post=2484"}],"curies":[{"name":"wp","href":"https:\/\/api.w.org\/{rel}","templated":true}]}}