{"id":2502,"date":"2020-10-25T13:49:01","date_gmt":"2020-10-25T13:49:01","guid":{"rendered":"https:\/\/nieuwe-nederlander.nl\/?p=2502"},"modified":"2020-10-25T14:05:18","modified_gmt":"2020-10-25T14:05:18","slug":"politiechef-kabakcioglu-dood-aangetroffen-in-een-quarantaine-cel-in-een-turkse-gevangenis","status":"publish","type":"post","link":"https:\/\/nieuwe-nederlander.nl\/?p=2502","title":{"rendered":"Politiechef Kabak\u00e7\u0131o\u011flu dood aangetroffen in een quarantaine cel in een Turkse gevangenis"},"content":{"rendered":"<p><img loading=\"lazy\" decoding=\"async\" class=\"size-medium wp-image-2511 aligncenter\" src=\"https:\/\/nieuwe-nederlander.nl\/wp-content\/uploads\/2020\/10\/WhatsApp-Image-2020-10-25-at-15.01.05-400x300.jpeg\" alt=\"\" width=\"300\" height=\"225\" srcset=\"https:\/\/nieuwe-nederlander.nl\/wp-content\/uploads\/2020\/10\/WhatsApp-Image-2020-10-25-at-15.01.05-400x300.jpeg 400w, https:\/\/nieuwe-nederlander.nl\/wp-content\/uploads\/2020\/10\/WhatsApp-Image-2020-10-25-at-15.01.05-650x488.jpeg 650w, https:\/\/nieuwe-nederlander.nl\/wp-content\/uploads\/2020\/10\/WhatsApp-Image-2020-10-25-at-15.01.05-250x188.jpeg 250w, https:\/\/nieuwe-nederlander.nl\/wp-content\/uploads\/2020\/10\/WhatsApp-Image-2020-10-25-at-15.01.05-768x576.jpeg 768w, https:\/\/nieuwe-nederlander.nl\/wp-content\/uploads\/2020\/10\/WhatsApp-Image-2020-10-25-at-15.01.05-150x113.jpeg 150w, https:\/\/nieuwe-nederlander.nl\/wp-content\/uploads\/2020\/10\/WhatsApp-Image-2020-10-25-at-15.01.05-800x600.jpeg 800w, https:\/\/nieuwe-nederlander.nl\/wp-content\/uploads\/2020\/10\/WhatsApp-Image-2020-10-25-at-15.01.05.jpeg 1024w\" sizes=\"auto, (max-width: 300px) 100vw, 300px\" \/><\/p>\n<p>AMSTERDAM-NIEUWE-NEDERLANDER<\/p>\n<p>25 Oktober 2020<\/p>\n<p>Op 13 april heeft het Turkse parlement een wet aangenomen die de vervroegde vrijlating van maximaal 90.000 gevangenen mogelijk maakt. Maar veel te veel mensen, waaronder leraren, journalisten, advocaten, politieagenten, militairen, oppositiepolitici en activisten, anderen die geen ander misdrijf hebben begaan dan verbonden te zijn aan groepen die het regime als politieke bedreigingen ziet die achter de tralies worden achtergelaten. (1)(2) Mustafa Kabak\u00e7\u0131o\u011flu, een plaatsvervangend politieagent, behoorde tot de gevangenen die niet werden vrijgelaten. Kabak\u00e7\u0131o\u011flu zat de laatste vier jaar in de gevangenis en werd beschuldigd van het schenken van 5 Turkse Liras (minder dan \u00e9\u00e9n euro) aan een liefdadigheidsorganisatie(3).<\/p>\n<p><img loading=\"lazy\" decoding=\"async\" class=\"alignnone size-medium wp-image-2509 aligncenter\" src=\"https:\/\/nieuwe-nederlander.nl\/wp-content\/uploads\/2020\/10\/WhatsApp-Image-2020-10-25-at-14.56.31-1-400x300.jpeg\" alt=\"\" width=\"300\" height=\"225\" srcset=\"https:\/\/nieuwe-nederlander.nl\/wp-content\/uploads\/2020\/10\/WhatsApp-Image-2020-10-25-at-14.56.31-1-400x300.jpeg 400w, https:\/\/nieuwe-nederlander.nl\/wp-content\/uploads\/2020\/10\/WhatsApp-Image-2020-10-25-at-14.56.31-1-650x488.jpeg 650w, https:\/\/nieuwe-nederlander.nl\/wp-content\/uploads\/2020\/10\/WhatsApp-Image-2020-10-25-at-14.56.31-1-250x188.jpeg 250w, https:\/\/nieuwe-nederlander.nl\/wp-content\/uploads\/2020\/10\/WhatsApp-Image-2020-10-25-at-14.56.31-1-768x576.jpeg 768w, https:\/\/nieuwe-nederlander.nl\/wp-content\/uploads\/2020\/10\/WhatsApp-Image-2020-10-25-at-14.56.31-1-150x113.jpeg 150w, https:\/\/nieuwe-nederlander.nl\/wp-content\/uploads\/2020\/10\/WhatsApp-Image-2020-10-25-at-14.56.31-1-800x600.jpeg 800w, https:\/\/nieuwe-nederlander.nl\/wp-content\/uploads\/2020\/10\/WhatsApp-Image-2020-10-25-at-14.56.31-1.jpeg 1024w\" sizes=\"auto, (max-width: 300px) 100vw, 300px\" \/><\/p>\n<p>Mustafa Kabak\u00e7\u0131o\u011flu werd in een quarantaine cel gezet sinds hij begon te hoesten op 20 augustus. Mustafa Kabak\u00e7\u0131o\u011flu stierf in een eenzame opsluitingscel in de G\u00fcm\u00fc\u015fhane Gevangenis op 29 augustus 2020, in Turkije(4). De gevangenbewaarders vonden hem naar verluidt alleen zittend op een witte plastic stoel met zijn hoofd op de rug. De foto&#8217;s die na zijn dood uit zijn quarantainecel zijn vrijgegeven, geven een overzicht van de onmenselijke omstandigheden van de gevangenissen in Turkije.(5)<\/p>\n<p><img loading=\"lazy\" decoding=\"async\" class=\"alignnone size-medium wp-image-2512 aligncenter\" src=\"https:\/\/nieuwe-nederlander.nl\/wp-content\/uploads\/2020\/10\/WhatsApp-Image-2020-10-25-at-15.01.03-1-400x300.jpeg\" alt=\"\" width=\"300\" height=\"225\" srcset=\"https:\/\/nieuwe-nederlander.nl\/wp-content\/uploads\/2020\/10\/WhatsApp-Image-2020-10-25-at-15.01.03-1-400x300.jpeg 400w, https:\/\/nieuwe-nederlander.nl\/wp-content\/uploads\/2020\/10\/WhatsApp-Image-2020-10-25-at-15.01.03-1-650x488.jpeg 650w, https:\/\/nieuwe-nederlander.nl\/wp-content\/uploads\/2020\/10\/WhatsApp-Image-2020-10-25-at-15.01.03-1-250x188.jpeg 250w, https:\/\/nieuwe-nederlander.nl\/wp-content\/uploads\/2020\/10\/WhatsApp-Image-2020-10-25-at-15.01.03-1-768x576.jpeg 768w, https:\/\/nieuwe-nederlander.nl\/wp-content\/uploads\/2020\/10\/WhatsApp-Image-2020-10-25-at-15.01.03-1-150x113.jpeg 150w, https:\/\/nieuwe-nederlander.nl\/wp-content\/uploads\/2020\/10\/WhatsApp-Image-2020-10-25-at-15.01.03-1-800x600.jpeg 800w, https:\/\/nieuwe-nederlander.nl\/wp-content\/uploads\/2020\/10\/WhatsApp-Image-2020-10-25-at-15.01.03-1.jpeg 1024w\" sizes=\"auto, (max-width: 300px) 100vw, 300px\" \/><\/p>\n<p>In haar pogingen om de mensenrechten te verdedigen, roept Broken Chalk de Turkse autoriteiten op om de zaak met spoed te onderzoeken, om de waarheden achter de dood van Kabak\u00e7\u0131o\u011flu te vinden.<\/p>\n<p>Het Turkse Ministerie van Justitie heeft informatie achtergehouden voor het publiek over de aantallen COVID-19 pati\u00ebnten in de gevangenissen van het land. Intussen merken deskundigen op dat er in de penitentiaire inrichtingen steeds meer gevallen voorkomen, waarbij zowel de gevangenen als de werknemers ziek worden. (6)<\/p>\n<p><img loading=\"lazy\" decoding=\"async\" class=\"alignnone size-medium wp-image-2513 aligncenter\" src=\"https:\/\/nieuwe-nederlander.nl\/wp-content\/uploads\/2020\/10\/WhatsApp-Image-2020-10-25-at-15.01.03-400x300.jpeg\" alt=\"\" width=\"300\" height=\"225\" srcset=\"https:\/\/nieuwe-nederlander.nl\/wp-content\/uploads\/2020\/10\/WhatsApp-Image-2020-10-25-at-15.01.03-400x300.jpeg 400w, https:\/\/nieuwe-nederlander.nl\/wp-content\/uploads\/2020\/10\/WhatsApp-Image-2020-10-25-at-15.01.03-650x488.jpeg 650w, https:\/\/nieuwe-nederlander.nl\/wp-content\/uploads\/2020\/10\/WhatsApp-Image-2020-10-25-at-15.01.03-250x188.jpeg 250w, https:\/\/nieuwe-nederlander.nl\/wp-content\/uploads\/2020\/10\/WhatsApp-Image-2020-10-25-at-15.01.03-768x576.jpeg 768w, https:\/\/nieuwe-nederlander.nl\/wp-content\/uploads\/2020\/10\/WhatsApp-Image-2020-10-25-at-15.01.03-150x113.jpeg 150w, https:\/\/nieuwe-nederlander.nl\/wp-content\/uploads\/2020\/10\/WhatsApp-Image-2020-10-25-at-15.01.03-800x600.jpeg 800w, https:\/\/nieuwe-nederlander.nl\/wp-content\/uploads\/2020\/10\/WhatsApp-Image-2020-10-25-at-15.01.03.jpeg 1024w\" sizes=\"auto, (max-width: 300px) 100vw, 300px\" \/><\/p>\n<p>Vandaag de dag zijn er in de Turkse gevangenis, volgens de verklaring van IHD, 1333 zieke gevangenen, waarvan 457 onder zware omstandigheden. (7)<\/p>\n<p><img loading=\"lazy\" decoding=\"async\" class=\" wp-image-2503 aligncenter\" src=\"https:\/\/nieuwe-nederlander.nl\/wp-content\/uploads\/2020\/10\/WhatsApp-Image-2020-10-25-at-14.36.43-400x621.jpeg\" alt=\"\" width=\"217\" height=\"337\" srcset=\"https:\/\/nieuwe-nederlander.nl\/wp-content\/uploads\/2020\/10\/WhatsApp-Image-2020-10-25-at-14.36.43-400x621.jpeg 400w, https:\/\/nieuwe-nederlander.nl\/wp-content\/uploads\/2020\/10\/WhatsApp-Image-2020-10-25-at-14.36.43-650x1008.jpeg 650w, https:\/\/nieuwe-nederlander.nl\/wp-content\/uploads\/2020\/10\/WhatsApp-Image-2020-10-25-at-14.36.43-250x388.jpeg 250w, https:\/\/nieuwe-nederlander.nl\/wp-content\/uploads\/2020\/10\/WhatsApp-Image-2020-10-25-at-14.36.43-150x233.jpeg 150w, https:\/\/nieuwe-nederlander.nl\/wp-content\/uploads\/2020\/10\/WhatsApp-Image-2020-10-25-at-14.36.43.jpeg 660w\" sizes=\"auto, (max-width: 217px) 100vw, 217px\" \/><\/p>\n<p>Wij roepen alle nationale\/internationale mensenrechtenorganisaties en mensenrechtenverdedigers op om zich te verzetten tegen de onmenselijke behandelingen van alle Turkse gevangenissen en niet dezelfde ervaring te hebben.<\/p>\n<p>Kabak\u00e7\u0131o\u011flu&#8217;s dood was niet de eerste in Turkse gevangenissen, maar met uw stem kan het de laatste zijn.<\/p>\n<p>We roepen ieder van jullie op om je stem te verheffen voor de dood van Kabak\u00e7\u0131o\u011flu om te voorkomen dat er nieuwe gevallen in Turkije gebeuren.<\/p>\n<p>(1) https:\/\/www.amnesty.org\/en\/get-involved\/take-action\/turkey-covid-19-prisoners-release\/<br \/>\n(2)https:\/\/theconversation.com\/turkey-releasing-murderers-but-not-political-opponents-from-prison-amid-coronavirus-pandemic-136466<br \/>\n(3) https:\/\/pledgetimes.com\/how-erdogan-has-his-opponents-penned-up-in-turkey\/<br \/>\n(4) https:\/\/galusaustralis.com\/2020\/10\/1023558\/fear-of-death-in-the-lonely-cell-how-erdogan-locked-up-his-opponents-in-turkey-politics\/<br \/>\n(5) https:\/\/www.boldmedya.com\/2020\/10\/14\/karantina-hucresinden-cenazesi-cikti-plastik-sandalyede-olum\/<br \/>\n(6) https:\/\/www.duvarenglish.com\/health-2\/coronavirus\/2020\/10\/13\/turkish-justice-ministry-withholds-covid-19-data-on-prisoners\/<br \/>\n(7)https:\/\/m.bianet.org\/bianet\/insan-haklari\/207245-ihd-hapishanelerde-457-si-agir-1333-hasta-mahpus-var<\/p>\n<p><img loading=\"lazy\" decoding=\"async\" class=\"size-medium wp-image-2504 aligncenter\" src=\"https:\/\/nieuwe-nederlander.nl\/wp-content\/uploads\/2020\/10\/WhatsApp-Image-2020-10-25-at-14.36.42-400x300.jpeg\" alt=\"\" width=\"300\" height=\"225\" srcset=\"https:\/\/nieuwe-nederlander.nl\/wp-content\/uploads\/2020\/10\/WhatsApp-Image-2020-10-25-at-14.36.42-400x300.jpeg 400w, https:\/\/nieuwe-nederlander.nl\/wp-content\/uploads\/2020\/10\/WhatsApp-Image-2020-10-25-at-14.36.42-650x488.jpeg 650w, https:\/\/nieuwe-nederlander.nl\/wp-content\/uploads\/2020\/10\/WhatsApp-Image-2020-10-25-at-14.36.42-250x188.jpeg 250w, https:\/\/nieuwe-nederlander.nl\/wp-content\/uploads\/2020\/10\/WhatsApp-Image-2020-10-25-at-14.36.42-768x576.jpeg 768w, https:\/\/nieuwe-nederlander.nl\/wp-content\/uploads\/2020\/10\/WhatsApp-Image-2020-10-25-at-14.36.42-150x113.jpeg 150w, https:\/\/nieuwe-nederlander.nl\/wp-content\/uploads\/2020\/10\/WhatsApp-Image-2020-10-25-at-14.36.42-800x600.jpeg 800w, https:\/\/nieuwe-nederlander.nl\/wp-content\/uploads\/2020\/10\/WhatsApp-Image-2020-10-25-at-14.36.42.jpeg 1024w\" sizes=\"auto, (max-width: 300px) 100vw, 300px\" \/><\/p>\n","protected":false},"excerpt":{"rendered":"<p>AMSTERDAM-NIEUWE-NEDERLANDER 25 Oktober 2020 Op 13 april heeft het Turkse parlement een wet aangenomen die de vervroegde vrijlating van maximaal 90.000 gevangenen mogelijk maakt. Maar veel te veel mensen, waaronder leraren, journalisten, advocaten, politieagenten, militairen, oppositiepolitici en activisten, anderen die geen ander misdrijf hebben begaan dan verbonden te zijn aan groepen die het regime als [&hellip;]<\/p>\n","protected":false},"author":2,"featured_media":2511,"comment_status":"open","ping_status":"open","sticky":false,"template":"","format":"standard","meta":{"footnotes":""},"categories":[278,279],"tags":[],"class_list":["post-2502","post","type-post","status-publish","format-standard","has-post-thumbnail","hentry","category-binnenland","category-buitenland"],"_links":{"self":[{"href":"https:\/\/nieuwe-nederlander.nl\/index.php?rest_route=\/wp\/v2\/posts\/2502","targetHints":{"allow":["GET"]}}],"collection":[{"href":"https:\/\/nieuwe-nederlander.nl\/index.php?rest_route=\/wp\/v2\/posts"}],"about":[{"href":"https:\/\/nieuwe-nederlander.nl\/index.php?rest_route=\/wp\/v2\/types\/post"}],"author":[{"embeddable":true,"href":"https:\/\/nieuwe-nederlander.nl\/index.php?rest_route=\/wp\/v2\/users\/2"}],"replies":[{"embeddable":true,"href":"https:\/\/nieuwe-nederlander.nl\/index.php?rest_route=%2Fwp%2Fv2%2Fcomments&post=2502"}],"version-history":[{"count":6,"href":"https:\/\/nieuwe-nederlander.nl\/index.php?rest_route=\/wp\/v2\/posts\/2502\/revisions"}],"predecessor-version":[{"id":2514,"href":"https:\/\/nieuwe-nederlander.nl\/index.php?rest_route=\/wp\/v2\/posts\/2502\/revisions\/2514"}],"wp:featuredmedia":[{"embeddable":true,"href":"https:\/\/nieuwe-nederlander.nl\/index.php?rest_route=\/wp\/v2\/media\/2511"}],"wp:attachment":[{"href":"https:\/\/nieuwe-nederlander.nl\/index.php?rest_route=%2Fwp%2Fv2%2Fmedia&parent=2502"}],"wp:term":[{"taxonomy":"category","embeddable":true,"href":"https:\/\/nieuwe-nederlander.nl\/index.php?rest_route=%2Fwp%2Fv2%2Fcategories&post=2502"},{"taxonomy":"post_tag","embeddable":true,"href":"https:\/\/nieuwe-nederlander.nl\/index.php?rest_route=%2Fwp%2Fv2%2Ftags&post=2502"}],"curies":[{"name":"wp","href":"https:\/\/api.w.org\/{rel}","templated":true}]}}