{"id":2581,"date":"2020-12-02T01:07:11","date_gmt":"2020-12-02T01:07:11","guid":{"rendered":"https:\/\/nieuwe-nederlander.nl\/?p=2581"},"modified":"2020-12-02T01:07:11","modified_gmt":"2020-12-02T01:07:11","slug":"gerechtshof-turkse-krant-moet-artikel-over-oud-raadslid-yazir-uitgebreider-rectificeren","status":"publish","type":"post","link":"https:\/\/nieuwe-nederlander.nl\/?p=2581","title":{"rendered":"Gerechtshof: Turkse krant moet artikel over oud-raadslid Yazir uitgebreider rectificeren"},"content":{"rendered":"<p><img loading=\"lazy\" decoding=\"async\" class=\"alignnone size-medium wp-image-2576\" src=\"https:\/\/nieuwe-nederlander.nl\/wp-content\/uploads\/2020\/12\/26D33391-3B80-4E3B-8773-40942FA49DCC-400x229.jpeg\" alt=\"\" width=\"300\" height=\"172\" srcset=\"https:\/\/nieuwe-nederlander.nl\/wp-content\/uploads\/2020\/12\/26D33391-3B80-4E3B-8773-40942FA49DCC-400x229.jpeg 400w, https:\/\/nieuwe-nederlander.nl\/wp-content\/uploads\/2020\/12\/26D33391-3B80-4E3B-8773-40942FA49DCC-650x373.jpeg 650w, https:\/\/nieuwe-nederlander.nl\/wp-content\/uploads\/2020\/12\/26D33391-3B80-4E3B-8773-40942FA49DCC-250x143.jpeg 250w, https:\/\/nieuwe-nederlander.nl\/wp-content\/uploads\/2020\/12\/26D33391-3B80-4E3B-8773-40942FA49DCC-768x440.jpeg 768w, https:\/\/nieuwe-nederlander.nl\/wp-content\/uploads\/2020\/12\/26D33391-3B80-4E3B-8773-40942FA49DCC-150x86.jpeg 150w, https:\/\/nieuwe-nederlander.nl\/wp-content\/uploads\/2020\/12\/26D33391-3B80-4E3B-8773-40942FA49DCC-800x459.jpeg 800w, https:\/\/nieuwe-nederlander.nl\/wp-content\/uploads\/2020\/12\/26D33391-3B80-4E3B-8773-40942FA49DCC.jpeg 1024w\" sizes=\"auto, (max-width: 300px) 100vw, 300px\" \/><\/p>\n<p>Gerechtshof: Turkse krant moet artikel over oud-raadslid Yazir uitgebreider rectificeren<br \/>\n<img loading=\"lazy\" decoding=\"async\" class=\"alignnone size-medium wp-image-2575\" src=\"https:\/\/nieuwe-nederlander.nl\/wp-content\/uploads\/2020\/12\/96B1A090-ABAA-47FE-AB27-C63DBD7F0E12-400x238.jpeg\" alt=\"\" width=\"300\" height=\"179\" srcset=\"https:\/\/nieuwe-nederlander.nl\/wp-content\/uploads\/2020\/12\/96B1A090-ABAA-47FE-AB27-C63DBD7F0E12-400x238.jpeg 400w, https:\/\/nieuwe-nederlander.nl\/wp-content\/uploads\/2020\/12\/96B1A090-ABAA-47FE-AB27-C63DBD7F0E12-650x387.jpeg 650w, https:\/\/nieuwe-nederlander.nl\/wp-content\/uploads\/2020\/12\/96B1A090-ABAA-47FE-AB27-C63DBD7F0E12-250x149.jpeg 250w, https:\/\/nieuwe-nederlander.nl\/wp-content\/uploads\/2020\/12\/96B1A090-ABAA-47FE-AB27-C63DBD7F0E12-768x458.jpeg 768w, https:\/\/nieuwe-nederlander.nl\/wp-content\/uploads\/2020\/12\/96B1A090-ABAA-47FE-AB27-C63DBD7F0E12-150x89.jpeg 150w, https:\/\/nieuwe-nederlander.nl\/wp-content\/uploads\/2020\/12\/96B1A090-ABAA-47FE-AB27-C63DBD7F0E12-800x477.jpeg 800w, https:\/\/nieuwe-nederlander.nl\/wp-content\/uploads\/2020\/12\/96B1A090-ABAA-47FE-AB27-C63DBD7F0E12.jpeg 1024w\" sizes=\"auto, (max-width: 300px) 100vw, 300px\" \/><\/p>\n<p>De Turkse krant Sabah moet een artikel over het voormalig Rotterdams raadslid Turan Yazir rectificeren. Dat heeft het gerechtshof in Den Haag besloten. De zaak was aangespannen door Yazir en de Rotterdamse gemeenteraad.<\/p>\n<p><img loading=\"lazy\" decoding=\"async\" class=\"alignnone size-medium wp-image-2577\" src=\"https:\/\/nieuwe-nederlander.nl\/wp-content\/uploads\/2020\/12\/22B983A6-1D04-4B95-BFB0-9F5E24777B2E-400x275.jpeg\" alt=\"\" width=\"300\" height=\"206\" srcset=\"https:\/\/nieuwe-nederlander.nl\/wp-content\/uploads\/2020\/12\/22B983A6-1D04-4B95-BFB0-9F5E24777B2E-400x275.jpeg 400w, https:\/\/nieuwe-nederlander.nl\/wp-content\/uploads\/2020\/12\/22B983A6-1D04-4B95-BFB0-9F5E24777B2E-250x172.jpeg 250w, https:\/\/nieuwe-nederlander.nl\/wp-content\/uploads\/2020\/12\/22B983A6-1D04-4B95-BFB0-9F5E24777B2E-150x103.jpeg 150w, https:\/\/nieuwe-nederlander.nl\/wp-content\/uploads\/2020\/12\/22B983A6-1D04-4B95-BFB0-9F5E24777B2E.jpeg 532w\" sizes=\"auto, (max-width: 300px) 100vw, 300px\" \/><br \/>\nDe krant beschuldigde Yazir onder meer van betrokkenheid bij terrorisme en het verraden van Turkse Nederlanders. Het hof stelt vast dat de krant geen bewijzen levert.<br \/>\nYazir kreeg na het verschijnen van het artikel te maken met bedreigingen. Daardoor kon hij zijn werk als raadslid in Rotterdam maandenlang niet uitvoeren.<br \/>\nHet voormalig CDA-raadslid zegt dat hij ge\u00efnspireerd is door geestelijke Fetullah G\u00fclen. G\u00fclen wordt door de Turkse president Erdogan verantwoordelijk gehouden voor de couppoging in juli 2016.<br \/>\nNiet ver genoeg<br \/>\nVorig jaar plaatste Sabah een rectificatie, na de eerder uitspraak van de rechtbank in Rotterdam. &#8220;Wij hebben Yazir ten onrechte in verband gebracht met oplichting en het doorgeven van namen van Turkse Nederlanders aan de politie. Dat hadden wij niet mogen plaatsen&#8221;, was te lezen op de website en in de krant van Sabah.<br \/>\nMaar dat ging volgens de Rotterdamse gemeenteraad niet ver genoeg. Sabah schreef ook dat Yazir een terrorist zou zijn. Dat werd niet gerectificeerd. Het gerechtshof heeft nu geoordeeld dat een verdergaande rectificatie nodig is.<\/p>\n","protected":false},"excerpt":{"rendered":"<p>Gerechtshof: Turkse krant moet artikel over oud-raadslid Yazir uitgebreider rectificeren De Turkse krant Sabah moet een artikel over het voormalig Rotterdams raadslid Turan Yazir rectificeren. Dat heeft het gerechtshof in Den Haag besloten. De zaak was aangespannen door Yazir en de Rotterdamse gemeenteraad. De krant beschuldigde Yazir onder meer van betrokkenheid bij terrorisme en het [&hellip;]<\/p>\n","protected":false},"author":2,"featured_media":0,"comment_status":"open","ping_status":"open","sticky":false,"template":"","format":"standard","meta":{"footnotes":""},"categories":[278],"tags":[],"class_list":["post-2581","post","type-post","status-publish","format-standard","hentry","category-binnenland"],"_links":{"self":[{"href":"https:\/\/nieuwe-nederlander.nl\/index.php?rest_route=\/wp\/v2\/posts\/2581","targetHints":{"allow":["GET"]}}],"collection":[{"href":"https:\/\/nieuwe-nederlander.nl\/index.php?rest_route=\/wp\/v2\/posts"}],"about":[{"href":"https:\/\/nieuwe-nederlander.nl\/index.php?rest_route=\/wp\/v2\/types\/post"}],"author":[{"embeddable":true,"href":"https:\/\/nieuwe-nederlander.nl\/index.php?rest_route=\/wp\/v2\/users\/2"}],"replies":[{"embeddable":true,"href":"https:\/\/nieuwe-nederlander.nl\/index.php?rest_route=%2Fwp%2Fv2%2Fcomments&post=2581"}],"version-history":[{"count":1,"href":"https:\/\/nieuwe-nederlander.nl\/index.php?rest_route=\/wp\/v2\/posts\/2581\/revisions"}],"predecessor-version":[{"id":2582,"href":"https:\/\/nieuwe-nederlander.nl\/index.php?rest_route=\/wp\/v2\/posts\/2581\/revisions\/2582"}],"wp:attachment":[{"href":"https:\/\/nieuwe-nederlander.nl\/index.php?rest_route=%2Fwp%2Fv2%2Fmedia&parent=2581"}],"wp:term":[{"taxonomy":"category","embeddable":true,"href":"https:\/\/nieuwe-nederlander.nl\/index.php?rest_route=%2Fwp%2Fv2%2Fcategories&post=2581"},{"taxonomy":"post_tag","embeddable":true,"href":"https:\/\/nieuwe-nederlander.nl\/index.php?rest_route=%2Fwp%2Fv2%2Ftags&post=2581"}],"curies":[{"name":"wp","href":"https:\/\/api.w.org\/{rel}","templated":true}]}}