{"id":2674,"date":"2021-03-09T11:45:32","date_gmt":"2021-03-09T11:45:32","guid":{"rendered":"https:\/\/nieuwe-nederlander.nl\/?p=2674"},"modified":"2021-03-09T11:45:32","modified_gmt":"2021-03-09T11:45:32","slug":"tweede-kamerlid-groenlinks-nevin-ozutok-rechtvaardigheid-komt-niet-vanzelf","status":"publish","type":"post","link":"https:\/\/nieuwe-nederlander.nl\/?p=2674","title":{"rendered":"Tweede Kamerlid GroenLinks Nevin \u00d6z\u00fctok:  Rechtvaardigheid komt niet vanzelf"},"content":{"rendered":"<p>Tweede Kamerlid GroenLinks Nevin \u00d6z\u00fctok:<\/p>\n<p>Rechtvaardigheid komt niet vanzelf<\/p>\n<p><img loading=\"lazy\" decoding=\"async\" class=\"alignnone size-medium wp-image-2677\" src=\"https:\/\/nieuwe-nederlander.nl\/wp-content\/uploads\/2021\/03\/099628B0-7EA0-4A10-8C8A-D8ED16B1E684-400x300.jpeg\" alt=\"\" width=\"300\" height=\"225\" srcset=\"https:\/\/nieuwe-nederlander.nl\/wp-content\/uploads\/2021\/03\/099628B0-7EA0-4A10-8C8A-D8ED16B1E684-400x300.jpeg 400w, https:\/\/nieuwe-nederlander.nl\/wp-content\/uploads\/2021\/03\/099628B0-7EA0-4A10-8C8A-D8ED16B1E684-650x488.jpeg 650w, https:\/\/nieuwe-nederlander.nl\/wp-content\/uploads\/2021\/03\/099628B0-7EA0-4A10-8C8A-D8ED16B1E684-250x188.jpeg 250w, https:\/\/nieuwe-nederlander.nl\/wp-content\/uploads\/2021\/03\/099628B0-7EA0-4A10-8C8A-D8ED16B1E684-768x576.jpeg 768w, https:\/\/nieuwe-nederlander.nl\/wp-content\/uploads\/2021\/03\/099628B0-7EA0-4A10-8C8A-D8ED16B1E684-150x113.jpeg 150w, https:\/\/nieuwe-nederlander.nl\/wp-content\/uploads\/2021\/03\/099628B0-7EA0-4A10-8C8A-D8ED16B1E684.jpeg 800w\" sizes=\"auto, (max-width: 300px) 100vw, 300px\" \/><br \/>\nIk ben Nevin Ozutok tweedekamerlid voor GroenLInks. Ik heb mij als kamerlid de afgelopen vier jaar met \u201chart en ziel\u201d ingezet voor rechtvaardigheid en gelijkwaardigheid, tegen discriminatie en uitsluiting.<\/p>\n<p>Ik ben GroenLinkser omdat ik mij thuis voel bij de sociaal groene idealen.<br \/>\nIk ben trots op dat er nu ook wettelijke bescherming is voor transgender en intersekse personen. Dat er in de kamer ook over institutioneel racisme en discriminatie gesproken kan wordt. Ik heb aan de loonkloof van vrouwen gewerkt. Het is niet acceptabel dat vrouwen in hetzelfde werk minder loon krijgen dan mannen. daarom heb ik aan een wet gewerkt die einde gaat maken aan de loonsdiscriminatie van vrouwen.<\/p>\n<p><img loading=\"lazy\" decoding=\"async\" class=\"alignnone size-medium wp-image-2675\" src=\"https:\/\/nieuwe-nederlander.nl\/wp-content\/uploads\/2021\/03\/9003E51C-9E64-4988-A27E-2F2C0C1DDBBC-400x580.jpeg\" alt=\"\" width=\"207\" height=\"300\" srcset=\"https:\/\/nieuwe-nederlander.nl\/wp-content\/uploads\/2021\/03\/9003E51C-9E64-4988-A27E-2F2C0C1DDBBC-400x580.jpeg 400w, https:\/\/nieuwe-nederlander.nl\/wp-content\/uploads\/2021\/03\/9003E51C-9E64-4988-A27E-2F2C0C1DDBBC-650x943.jpeg 650w, https:\/\/nieuwe-nederlander.nl\/wp-content\/uploads\/2021\/03\/9003E51C-9E64-4988-A27E-2F2C0C1DDBBC-250x363.jpeg 250w, https:\/\/nieuwe-nederlander.nl\/wp-content\/uploads\/2021\/03\/9003E51C-9E64-4988-A27E-2F2C0C1DDBBC-768x1114.jpeg 768w, https:\/\/nieuwe-nederlander.nl\/wp-content\/uploads\/2021\/03\/9003E51C-9E64-4988-A27E-2F2C0C1DDBBC-150x218.jpeg 150w, https:\/\/nieuwe-nederlander.nl\/wp-content\/uploads\/2021\/03\/9003E51C-9E64-4988-A27E-2F2C0C1DDBBC.jpeg 778w\" sizes=\"auto, (max-width: 207px) 100vw, 207px\" \/><\/p>\n<p>Ik ben trots op de eerste fase van grondwetswijziging om aan artikel 1 ook de gronden \u201c handicap en seksuele gerichtheid\u201d toe te voegen is afgerond. Ondanks VN verdrag Handicap hebben mensen met beperkingen veel problemen met volwaardige deelname aan de samenleving. Ik wil na de versieringen voortvarend de tweede fase van deze grondwetswijziging oppakken.<\/p>\n<p>In programma van GroenLinks willen wij de klimaatcrisis aanpakken, daarnaast een eind maken aan de economische tweedeling. De hoge inkomens moeten de lasten dragen. Daarom komt er een hoger belasting voor vermogenden, en bedrijven die nu geen belasting betalen pakken we aan.We verlagen de belasting op werk en verhogen de minimumloon. Want mensen met een minimumloon moeten een fatsoenlijke leven kunnen opbouwen. jongeren tussen 18 tot 21 jaar krijgen een minimumloon, geen jeugdlonen<br \/>\nWe maken de toeslagen eenvoudiger. We maken gratis kinderopvang voor 4 dagen voor iedereen mogelijk.<\/p>\n<p>Zorg wordt weer betaalbaar, We schaffen de eigen risico af voor lage en middeninkomens.We bouwen de zorgverzekering om tot een publieke zorgfonds. We maken gezond voedsel goedkoper, we schaffen de BTW af op Groente en Fruit. We bouwen nieuwe woningen waarvan minstens 40% voor sociale huur en studentenwoningen. De strijd voor gelijkwaardigheid is niet af, ik wil doorgaan met mijn werk en uw stem in de kamer laten horen. Stem 17 maart op nr 17 van GroenLinks.<\/p>\n<p><img loading=\"lazy\" decoding=\"async\" class=\"alignnone size-medium wp-image-2676\" src=\"https:\/\/nieuwe-nederlander.nl\/wp-content\/uploads\/2021\/03\/17549706-4E84-4FE0-8F3E-FAB340E04EFA-400x146.jpeg\" alt=\"\" width=\"300\" height=\"110\" srcset=\"https:\/\/nieuwe-nederlander.nl\/wp-content\/uploads\/2021\/03\/17549706-4E84-4FE0-8F3E-FAB340E04EFA-400x146.jpeg 400w, https:\/\/nieuwe-nederlander.nl\/wp-content\/uploads\/2021\/03\/17549706-4E84-4FE0-8F3E-FAB340E04EFA-650x237.jpeg 650w, https:\/\/nieuwe-nederlander.nl\/wp-content\/uploads\/2021\/03\/17549706-4E84-4FE0-8F3E-FAB340E04EFA-250x91.jpeg 250w, https:\/\/nieuwe-nederlander.nl\/wp-content\/uploads\/2021\/03\/17549706-4E84-4FE0-8F3E-FAB340E04EFA-768x281.jpeg 768w, https:\/\/nieuwe-nederlander.nl\/wp-content\/uploads\/2021\/03\/17549706-4E84-4FE0-8F3E-FAB340E04EFA-150x55.jpeg 150w, https:\/\/nieuwe-nederlander.nl\/wp-content\/uploads\/2021\/03\/17549706-4E84-4FE0-8F3E-FAB340E04EFA-800x292.jpeg 800w, https:\/\/nieuwe-nederlander.nl\/wp-content\/uploads\/2021\/03\/17549706-4E84-4FE0-8F3E-FAB340E04EFA.jpeg 1024w\" sizes=\"auto, (max-width: 300px) 100vw, 300px\" \/><\/p>\n","protected":false},"excerpt":{"rendered":"<p>Tweede Kamerlid GroenLinks Nevin \u00d6z\u00fctok: Rechtvaardigheid komt niet vanzelf Ik ben Nevin Ozutok tweedekamerlid voor GroenLInks. Ik heb mij als kamerlid de afgelopen vier jaar met \u201chart en ziel\u201d ingezet voor rechtvaardigheid en gelijkwaardigheid, tegen discriminatie en uitsluiting. Ik ben GroenLinkser omdat ik mij thuis voel bij de sociaal groene idealen. Ik ben trots op [&hellip;]<\/p>\n","protected":false},"author":2,"featured_media":0,"comment_status":"open","ping_status":"open","sticky":false,"template":"","format":"standard","meta":{"footnotes":""},"categories":[278],"tags":[287,288,289,286],"class_list":["post-2674","post","type-post","status-publish","format-standard","hentry","category-binnenland","tag-groen-links","tag-hollanda","tag-nederlands","tag-nevin-ozutok"],"_links":{"self":[{"href":"https:\/\/nieuwe-nederlander.nl\/index.php?rest_route=\/wp\/v2\/posts\/2674","targetHints":{"allow":["GET"]}}],"collection":[{"href":"https:\/\/nieuwe-nederlander.nl\/index.php?rest_route=\/wp\/v2\/posts"}],"about":[{"href":"https:\/\/nieuwe-nederlander.nl\/index.php?rest_route=\/wp\/v2\/types\/post"}],"author":[{"embeddable":true,"href":"https:\/\/nieuwe-nederlander.nl\/index.php?rest_route=\/wp\/v2\/users\/2"}],"replies":[{"embeddable":true,"href":"https:\/\/nieuwe-nederlander.nl\/index.php?rest_route=%2Fwp%2Fv2%2Fcomments&post=2674"}],"version-history":[{"count":1,"href":"https:\/\/nieuwe-nederlander.nl\/index.php?rest_route=\/wp\/v2\/posts\/2674\/revisions"}],"predecessor-version":[{"id":2678,"href":"https:\/\/nieuwe-nederlander.nl\/index.php?rest_route=\/wp\/v2\/posts\/2674\/revisions\/2678"}],"wp:attachment":[{"href":"https:\/\/nieuwe-nederlander.nl\/index.php?rest_route=%2Fwp%2Fv2%2Fmedia&parent=2674"}],"wp:term":[{"taxonomy":"category","embeddable":true,"href":"https:\/\/nieuwe-nederlander.nl\/index.php?rest_route=%2Fwp%2Fv2%2Fcategories&post=2674"},{"taxonomy":"post_tag","embeddable":true,"href":"https:\/\/nieuwe-nederlander.nl\/index.php?rest_route=%2Fwp%2Fv2%2Ftags&post=2674"}],"curies":[{"name":"wp","href":"https:\/\/api.w.org\/{rel}","templated":true}]}}