{"id":2738,"date":"2021-04-27T10:27:33","date_gmt":"2021-04-27T10:27:33","guid":{"rendered":"https:\/\/nieuwe-nederlander.nl\/?p=2738"},"modified":"2021-04-27T10:34:39","modified_gmt":"2021-04-27T10:34:39","slug":"hizmet-vrijwilligers-hebben-een-koninklijke-onderscheiding-ontvangen","status":"publish","type":"post","link":"https:\/\/nieuwe-nederlander.nl\/?p=2738","title":{"rendered":"Hizmet vrijwilligers hebben een Koninklijke onderscheiding ontvangen"},"content":{"rendered":"<p>Hizmet vrijwilligers hebben een Koninklijke onderscheiding ontvangen<\/p>\n<p><img loading=\"lazy\" decoding=\"async\" class=\"alignnone size-medium wp-image-2740 ui-sortable-handle\" src=\"https:\/\/nieuwe-nederlander.nl\/wp-content\/uploads\/2021\/04\/7C75AAE5-623E-4982-8D6C-B1F5ACB2659E-400x266.jpeg\" alt=\"\" width=\"300\" height=\"200\" srcset=\"https:\/\/nieuwe-nederlander.nl\/wp-content\/uploads\/2021\/04\/7C75AAE5-623E-4982-8D6C-B1F5ACB2659E-400x266.jpeg 400w, https:\/\/nieuwe-nederlander.nl\/wp-content\/uploads\/2021\/04\/7C75AAE5-623E-4982-8D6C-B1F5ACB2659E-250x166.jpeg 250w, https:\/\/nieuwe-nederlander.nl\/wp-content\/uploads\/2021\/04\/7C75AAE5-623E-4982-8D6C-B1F5ACB2659E-150x100.jpeg 150w, https:\/\/nieuwe-nederlander.nl\/wp-content\/uploads\/2021\/04\/7C75AAE5-623E-4982-8D6C-B1F5ACB2659E.jpeg 650w\" sizes=\"auto, (max-width: 300px) 100vw, 300px\" \/><\/p>\n<p>AMSTERDAM, N\u0130EUWE-NEDERLANDER<\/p>\n<p><iframe loading=\"lazy\" title=\"YouTube video player\" src=\"https:\/\/www.youtube.com\/embed\/HMsVei-vC9Q\" width=\"560\" height=\"315\" frameborder=\"0\" allowfullscreen=\"allowfullscreen\"><\/iframe><\/p>\n<p>Mensen die iets bijzonders doen voor de samenleving kunnen een Koninklijke onderscheiding ontvangen.<br \/>\nDe Hizmet vrijwilligers Mevrouw Fatma Lap\u00e7in-Y\u0131lmaz en meneer Mevl\u00fct Y\u0131lmaz hebben een Koninklijke onderscheiding ontvangen. In Amsterdam woonachtige familie Y\u0131lmaz is betrokken bij sociaal culturele activiteiten en doet vrijwilligerswerk.<\/p>\n<p><img loading=\"lazy\" decoding=\"async\" class=\"alignnone size-medium wp-image-2741 ui-sortable-handle\" src=\"https:\/\/nieuwe-nederlander.nl\/wp-content\/uploads\/2021\/04\/1F0295D1-8651-4B37-B2F8-A07C591F4EAB-400x266.jpeg\" alt=\"\" width=\"300\" height=\"200\" srcset=\"https:\/\/nieuwe-nederlander.nl\/wp-content\/uploads\/2021\/04\/1F0295D1-8651-4B37-B2F8-A07C591F4EAB-400x266.jpeg 400w, https:\/\/nieuwe-nederlander.nl\/wp-content\/uploads\/2021\/04\/1F0295D1-8651-4B37-B2F8-A07C591F4EAB-250x166.jpeg 250w, https:\/\/nieuwe-nederlander.nl\/wp-content\/uploads\/2021\/04\/1F0295D1-8651-4B37-B2F8-A07C591F4EAB-150x100.jpeg 150w, https:\/\/nieuwe-nederlander.nl\/wp-content\/uploads\/2021\/04\/1F0295D1-8651-4B37-B2F8-A07C591F4EAB.jpeg 650w\" sizes=\"auto, (max-width: 300px) 100vw, 300px\" \/><\/p>\n<p>HALSEMA: JULL\u0130E ZIJN MENSEN VAN DE D\u0130ALOOG<br \/>\nBurgemeester Femke Halsema, \u201cMevrouw Fatma Lap\u00e7in-Y\u0131lmaz en meneer Mevl\u00fct Y\u0131lmaz, jullie hebben de afgelopen 20 jaar als vrijwilliger gewerkt bij stichting Regenboog en Huis van de Wijk. De laatste jaren hebben jullie culturele projecten georganiseerd in Amsterdam.<br \/>\nZo hebben jullie de Cupcake steunactie voor zorg en politie en iftar maaltijden tijdens de Ramadan in Delflandplein georganiseerd. Bovendien hebben jullie je de laatste 10 jaar met plezier bezig gehouden met de persoonlijke verzorging van jullie dochter Zehra.<br \/>\nWat ik heel spijtig vind voor jullie is dat jullie wegens trieste redenen niet terecht kunnen in jullie geboorteland. Jullie zijn goede dialoog mensen. Jullie zorgen voor verbinding tussen mensen.<br \/>\nMevrouw Fatma Lap\u00e7in-Y\u0131lmaz en meneer Mevl\u00fct Y\u0131lmaz jullie hebben deze Koninklijke onderscheiding verdient. Ik voel mij vereerd dat ik deze onderscheiding namens Koning Willem Alexander en Koningin Maxima mag geven.<\/p>\n<p><img loading=\"lazy\" decoding=\"async\" class=\"alignnone size-medium wp-image-2739 ui-sortable-handle\" src=\"https:\/\/nieuwe-nederlander.nl\/wp-content\/uploads\/2021\/04\/4FDE5A13-EF81-45E4-BD04-DC5105023CC3-400x266.jpeg\" alt=\"\" width=\"300\" height=\"200\" srcset=\"https:\/\/nieuwe-nederlander.nl\/wp-content\/uploads\/2021\/04\/4FDE5A13-EF81-45E4-BD04-DC5105023CC3-400x266.jpeg 400w, https:\/\/nieuwe-nederlander.nl\/wp-content\/uploads\/2021\/04\/4FDE5A13-EF81-45E4-BD04-DC5105023CC3-250x166.jpeg 250w, https:\/\/nieuwe-nederlander.nl\/wp-content\/uploads\/2021\/04\/4FDE5A13-EF81-45E4-BD04-DC5105023CC3-150x100.jpeg 150w, https:\/\/nieuwe-nederlander.nl\/wp-content\/uploads\/2021\/04\/4FDE5A13-EF81-45E4-BD04-DC5105023CC3.jpeg 650w\" sizes=\"auto, (max-width: 300px) 100vw, 300px\" \/><br \/>\nIn het hele land wordt op Koningsdag een Koninklijke onderscheiding ontvangen door mensen die bijzonder werk verrichten voor de samenleving.<br \/>\n\u2018De Koninklijke onderscheiding is een verrassing voor mij\u2019<br \/>\nFatma Lap\u00e7in-Y\u0131lmaz geeft aan dat het een eer is om een Koninklijke onderscheiding te ontvangen. Mevrouw Y\u0131lmaz uit haar gevoelens tijdens de ceremonie als volgt: Het is een enorme verrassing voor mij. De werkzaamheden hebben wij niet in ons eentje uitgevoerd. Wij hebben gehandeld vanuit de visie van G\u00fclen. Dialoog, verbinding tussen mensen realiseren en iedereen accepteren zoals die is, zijn de pijlers in deze visie. Deze onderscheiding is niet enkel voor mij bedoeld, maar ik neem het namens al onze vrijwilligers aan.<br \/>\nHet is een eer om zo een eervolle onderscheiding te mogen ontvangen. Aan de ene kant hebben wij ook pijn. We kunnen niet terecht in onze geboorteland wegens bepaalde redenen. Aan de andere kant is het erg prettig dat de goede daden in de wereld gewaardeerd worden.<br \/>\n\u2018NAMENS ALLE H\u0130ZMET VRIJWILLIGERS\u2019<br \/>\nHet is een eer om deze onderscheiding te mogen ontvangen, zegt Mevl\u00fct Y\u0131lmaz en gaat verder: \u201c ik woon al een lange tijd in Amsterdam. Ik werk momenteel als vrijwilliger in Zaandam. Het is vandaag een hele waardevolle en bijzondere dag voor ons. Ik ontvang deze onderscheiding namens G\u00fclen en alle hizmet vrijwilligers.<br \/>\nDeze onderscheiding geeft men ook een grote verantwoordelijkheid. Het heeft ons nog meer gemotiveerd om mooie werkzaamheden te verrichten. Ik ben van mening dat ik na deze onderscheiding nog meer aandacht moet besteden aan onze samenleving. Nog beter gezegd: ik heb het gevoel dat het verantwoordelijkheidsgevoel is toegenomen. Ik vind dat je dit als mens in je moet hebben. Ik bedank de Nederlandse Koninklijke familie. Ook na deze onderscheiding zullen wij verder gaan met onze activiteiten.<br \/>\nDe Nederlandse Koninklijke familie vindt dat ik deze onderscheiding heb verdient wegens de vrijwilligersactiviteiten op sociaal en cultureel gebied, gericht op de Amsterdammers, ouderen, jongeren en iedereen zonder enige onderscheiding te maken tussen mensen. Het is een eer.<br \/>\nDit is ook een waardering en erkenning voor de projecten die voor deze gemeenschap zijn gedaan. Ik wil zowel de gemeente Amsterdam als de Koninklijke familie bedanken. &#8221;<br \/>\nNa de uitreiking van de Koninklijke onderscheiding nam de Amsterdamse burgemeester Femke Halsema een groepsfoto met Fatma Lap\u00e7in-Y\u0131lmaz en Mevl\u00fct Y\u0131lmaz waarmee de ceremonie werd afgesloten.<\/p>\n","protected":false},"excerpt":{"rendered":"<p>Hizmet vrijwilligers hebben een Koninklijke onderscheiding ontvangen AMSTERDAM, N\u0130EUWE-NEDERLANDER Mensen die iets bijzonders doen voor de samenleving kunnen een Koninklijke onderscheiding ontvangen. De Hizmet vrijwilligers Mevrouw Fatma Lap\u00e7in-Y\u0131lmaz en meneer Mevl\u00fct Y\u0131lmaz hebben een Koninklijke onderscheiding ontvangen. In Amsterdam woonachtige familie Y\u0131lmaz is betrokken bij sociaal culturele activiteiten en doet vrijwilligerswerk. HALSEMA: JULL\u0130E ZIJN MENSEN [&hellip;]<\/p>\n","protected":false},"author":2,"featured_media":0,"comment_status":"open","ping_status":"open","sticky":false,"template":"","format":"standard","meta":{"footnotes":""},"categories":[278],"tags":[],"class_list":["post-2738","post","type-post","status-publish","format-standard","hentry","category-binnenland"],"_links":{"self":[{"href":"https:\/\/nieuwe-nederlander.nl\/index.php?rest_route=\/wp\/v2\/posts\/2738","targetHints":{"allow":["GET"]}}],"collection":[{"href":"https:\/\/nieuwe-nederlander.nl\/index.php?rest_route=\/wp\/v2\/posts"}],"about":[{"href":"https:\/\/nieuwe-nederlander.nl\/index.php?rest_route=\/wp\/v2\/types\/post"}],"author":[{"embeddable":true,"href":"https:\/\/nieuwe-nederlander.nl\/index.php?rest_route=\/wp\/v2\/users\/2"}],"replies":[{"embeddable":true,"href":"https:\/\/nieuwe-nederlander.nl\/index.php?rest_route=%2Fwp%2Fv2%2Fcomments&post=2738"}],"version-history":[{"count":2,"href":"https:\/\/nieuwe-nederlander.nl\/index.php?rest_route=\/wp\/v2\/posts\/2738\/revisions"}],"predecessor-version":[{"id":2743,"href":"https:\/\/nieuwe-nederlander.nl\/index.php?rest_route=\/wp\/v2\/posts\/2738\/revisions\/2743"}],"wp:attachment":[{"href":"https:\/\/nieuwe-nederlander.nl\/index.php?rest_route=%2Fwp%2Fv2%2Fmedia&parent=2738"}],"wp:term":[{"taxonomy":"category","embeddable":true,"href":"https:\/\/nieuwe-nederlander.nl\/index.php?rest_route=%2Fwp%2Fv2%2Fcategories&post=2738"},{"taxonomy":"post_tag","embeddable":true,"href":"https:\/\/nieuwe-nederlander.nl\/index.php?rest_route=%2Fwp%2Fv2%2Ftags&post=2738"}],"curies":[{"name":"wp","href":"https:\/\/api.w.org\/{rel}","templated":true}]}}