{"id":2787,"date":"2021-11-18T11:51:21","date_gmt":"2021-11-18T11:51:21","guid":{"rendered":"https:\/\/nieuwe-nederlander.nl\/?p=2787"},"modified":"2021-11-18T11:51:21","modified_gmt":"2021-11-18T11:51:21","slug":"demonstratie-van-amsterdamse-advocaten-bij-turks-consulaat","status":"publish","type":"post","link":"https:\/\/nieuwe-nederlander.nl\/?p=2787","title":{"rendered":"Demonstratie van Amsterdamse advocaten bij Turks consulaat"},"content":{"rendered":"<p>Demonstratie van Amsterdamse advocaten bij Turks consulaat<\/p>\n<p><img loading=\"lazy\" decoding=\"async\" class=\"alignnone size-medium wp-image-2788\" src=\"https:\/\/nieuwe-nederlander.nl\/wp-content\/uploads\/2021\/11\/50BF7D29-6144-48FB-AF71-007A96D1366F-400x300.jpeg\" alt=\"\" width=\"300\" height=\"225\" srcset=\"https:\/\/nieuwe-nederlander.nl\/wp-content\/uploads\/2021\/11\/50BF7D29-6144-48FB-AF71-007A96D1366F-400x300.jpeg 400w, https:\/\/nieuwe-nederlander.nl\/wp-content\/uploads\/2021\/11\/50BF7D29-6144-48FB-AF71-007A96D1366F-650x488.jpeg 650w, https:\/\/nieuwe-nederlander.nl\/wp-content\/uploads\/2021\/11\/50BF7D29-6144-48FB-AF71-007A96D1366F-250x188.jpeg 250w, https:\/\/nieuwe-nederlander.nl\/wp-content\/uploads\/2021\/11\/50BF7D29-6144-48FB-AF71-007A96D1366F-768x576.jpeg 768w, https:\/\/nieuwe-nederlander.nl\/wp-content\/uploads\/2021\/11\/50BF7D29-6144-48FB-AF71-007A96D1366F-1536x1152.jpeg 1536w, https:\/\/nieuwe-nederlander.nl\/wp-content\/uploads\/2021\/11\/50BF7D29-6144-48FB-AF71-007A96D1366F-150x113.jpeg 150w, https:\/\/nieuwe-nederlander.nl\/wp-content\/uploads\/2021\/11\/50BF7D29-6144-48FB-AF71-007A96D1366F-800x600.jpeg 800w, https:\/\/nieuwe-nederlander.nl\/wp-content\/uploads\/2021\/11\/50BF7D29-6144-48FB-AF71-007A96D1366F-1200x900.jpeg 1200w, https:\/\/nieuwe-nederlander.nl\/wp-content\/uploads\/2021\/11\/50BF7D29-6144-48FB-AF71-007A96D1366F.jpeg 1600w\" sizes=\"auto, (max-width: 300px) 100vw, 300px\" \/><\/p>\n<p>NIEUWENEDERLAMDER-AMSTERDAM<\/p>\n<p>De Amsterdamse orde van advocaten demonstreerde dinsdag bij het Turkse consulaat in de hoofdstad. Dit om solidariteit en steun te betuigen aan advocaten in Turkije die worden vervolgd vanwege de uitoefening van hun beroep.<\/p>\n<p>De demonstratie vond plaats op het Museumplein in Amsterdam, waar de Orde samenkwam met tientallen advocaten \u2013 deels getooid in toga.<\/p>\n<p>Het initiatief voor het protest kwam van de F\u00e9deration des Barreaux d\u2019Europe (FBE). Zij eisen onmiddellijke vrijlating van advocaten in Turkije die worden vervolgd. Advocaten zoals Sel\u00e7uk Koza\u011fa\u00e7l\u0131 en Bark\u0131n Timtik, waartegen vandaag in Istanboel een nieuwe rechtszitting plaatsvindt.<\/p>\n<p>Koza\u011fa\u00e7l\u0131 werd op 20 maart 2019 veroordeeld tot ruim elf jaar cel vanwege \u2018lidmaatschap van een terroristische organisatie\u2019. Koza\u011fa\u00e7l\u0131 was voorzitter van de inmiddels verboden advocatenorganisatie \u00c7HD (Progressive Lawyers of Turkey), en werd al in 2017 gearresteerd.<\/p>\n<p>Barkin Timtik en haar zus Ebru Timtik werden eveneens gearresteerd in 2017, samen met zestien andere advocaten, werkzaam op de kantoren van de People\u2019s Law Office. Dat gebeurde omdat zij critici van het Turkse bewind als advocaat bijstonden. Alle advocaten werden tot lange gevangenisstraffen veroordeeld. Amnesty International en verschillende andere advocaten- en mensenrechtenorganisaties bestempelden de gerechtelijke procedure destijds als \u2018oneerlijk\u2019.<\/p>\n<p>De 42-jarige advocate Ebru Timtik stierf op 27 augustus 2020 na een hongerstaking van 238 dagen. Zij eiste een eerlijk proces voor zichzelf en voor de andere advocaten die jarenlange celstraffen uitzitten wegens \u2018terroristische misdrijven\u2019.<\/p>\n","protected":false},"excerpt":{"rendered":"<p>Demonstratie van Amsterdamse advocaten bij Turks consulaat NIEUWENEDERLAMDER-AMSTERDAM De Amsterdamse orde van advocaten demonstreerde dinsdag bij het Turkse consulaat in de hoofdstad. Dit om solidariteit en steun te betuigen aan advocaten in Turkije die worden vervolgd vanwege de uitoefening van hun beroep. De demonstratie vond plaats op het Museumplein in Amsterdam, waar de Orde samenkwam [&hellip;]<\/p>\n","protected":false},"author":2,"featured_media":0,"comment_status":"open","ping_status":"open","sticky":false,"template":"","format":"standard","meta":{"footnotes":""},"categories":[278],"tags":[],"class_list":["post-2787","post","type-post","status-publish","format-standard","hentry","category-binnenland"],"_links":{"self":[{"href":"https:\/\/nieuwe-nederlander.nl\/index.php?rest_route=\/wp\/v2\/posts\/2787","targetHints":{"allow":["GET"]}}],"collection":[{"href":"https:\/\/nieuwe-nederlander.nl\/index.php?rest_route=\/wp\/v2\/posts"}],"about":[{"href":"https:\/\/nieuwe-nederlander.nl\/index.php?rest_route=\/wp\/v2\/types\/post"}],"author":[{"embeddable":true,"href":"https:\/\/nieuwe-nederlander.nl\/index.php?rest_route=\/wp\/v2\/users\/2"}],"replies":[{"embeddable":true,"href":"https:\/\/nieuwe-nederlander.nl\/index.php?rest_route=%2Fwp%2Fv2%2Fcomments&post=2787"}],"version-history":[{"count":1,"href":"https:\/\/nieuwe-nederlander.nl\/index.php?rest_route=\/wp\/v2\/posts\/2787\/revisions"}],"predecessor-version":[{"id":2789,"href":"https:\/\/nieuwe-nederlander.nl\/index.php?rest_route=\/wp\/v2\/posts\/2787\/revisions\/2789"}],"wp:attachment":[{"href":"https:\/\/nieuwe-nederlander.nl\/index.php?rest_route=%2Fwp%2Fv2%2Fmedia&parent=2787"}],"wp:term":[{"taxonomy":"category","embeddable":true,"href":"https:\/\/nieuwe-nederlander.nl\/index.php?rest_route=%2Fwp%2Fv2%2Fcategories&post=2787"},{"taxonomy":"post_tag","embeddable":true,"href":"https:\/\/nieuwe-nederlander.nl\/index.php?rest_route=%2Fwp%2Fv2%2Ftags&post=2787"}],"curies":[{"name":"wp","href":"https:\/\/api.w.org\/{rel}","templated":true}]}}