{"id":2835,"date":"2022-01-13T07:15:35","date_gmt":"2022-01-13T07:15:35","guid":{"rendered":"https:\/\/nieuwe-nederlander.nl\/?p=2835"},"modified":"2022-01-13T09:40:25","modified_gmt":"2022-01-13T09:40:25","slug":"een-bijzondere-kerstviering-in-kortenberg","status":"publish","type":"post","link":"https:\/\/nieuwe-nederlander.nl\/?p=2835","title":{"rendered":"Een bijzondere kerstviering in Kortenberg"},"content":{"rendered":"<p><img loading=\"lazy\" decoding=\"async\" class=\"alignnone size-medium wp-image-2840\" src=\"https:\/\/nieuwe-nederlander.nl\/wp-content\/uploads\/2022\/01\/CB3326E7-14FF-4B21-8F1C-98A6D905D98F-400x243.jpeg\" alt=\"\" width=\"300\" height=\"182\" srcset=\"https:\/\/nieuwe-nederlander.nl\/wp-content\/uploads\/2022\/01\/CB3326E7-14FF-4B21-8F1C-98A6D905D98F-400x243.jpeg 400w, https:\/\/nieuwe-nederlander.nl\/wp-content\/uploads\/2022\/01\/CB3326E7-14FF-4B21-8F1C-98A6D905D98F-650x395.jpeg 650w, https:\/\/nieuwe-nederlander.nl\/wp-content\/uploads\/2022\/01\/CB3326E7-14FF-4B21-8F1C-98A6D905D98F-250x152.jpeg 250w, https:\/\/nieuwe-nederlander.nl\/wp-content\/uploads\/2022\/01\/CB3326E7-14FF-4B21-8F1C-98A6D905D98F-768x466.jpeg 768w, https:\/\/nieuwe-nederlander.nl\/wp-content\/uploads\/2022\/01\/CB3326E7-14FF-4B21-8F1C-98A6D905D98F-150x91.jpeg 150w, https:\/\/nieuwe-nederlander.nl\/wp-content\/uploads\/2022\/01\/CB3326E7-14FF-4B21-8F1C-98A6D905D98F-800x486.jpeg 800w, https:\/\/nieuwe-nederlander.nl\/wp-content\/uploads\/2022\/01\/CB3326E7-14FF-4B21-8F1C-98A6D905D98F.jpeg 1186w\" sizes=\"auto, (max-width: 300px) 100vw, 300px\" \/><\/p>\n<p>Een bijzondere kerstviering in Kortenberg<\/p>\n<p>BASR\u0130 DO\u011eAN-KORTENBERG,TR724<\/p>\n<p>Pastoraalco\u00f6rdinator Chantal Lemmens ontving op Kerstmis enkele onverwachte gasten\u2026<br \/>\nWe waren nog in volle voorbereiding toen we in de week voor Kerstmis een vriendelijke mail kregen van een dame met de naam Esma. Zij vertelde dat haar gemeenschap voor de gelovigen van Kortenberg op het Kerstfeest een geschenk wilden meebrengen. Zo\u2019n aanbod per mail ontvangen, zijn we niet gewend. Onze eerste respons is vaak achterdocht.<br \/>\nUiteindelijk won mijn nieuwsgierigheid en openheid het van mijn bezorgdheid. En maar goed ook! Ik had al snel door dat het over de organisatie Fedactio\u00a0ging:\u00a0een koepelvereniging die mensen wil stimuleren om actief deel te nemen aan een inclusieve samenleving. Een van de lidverenigingen bleek een Turkse gemeenschap te zijn die ons wilde ontmoeten.<\/p>\n<p>Zodoende ontvingen we onverwachts en fijne gemeenschap van mensen met Turkse origine om samen met ons Kerst te vieren. En wat een vreugde bracht dat met zich mee!<br \/>\nMeer dan een half uur voor de kerstviering hadden zij een mooi buffet klaar gezet met Turkse zoetigheden en stonden ze met wenskaartjes aan de ingang van de kerk om al de mensen te verwelkomen. En bij deze Turkse hartelijkheid bleef het niet. Maar liefst twee evangelieteksten ontvouwden zich voor onze ogen.<br \/>\nE\u00e9n van onze kerkgangers was gevallen en had zich verwond aan de hand. Een Turkse man ontfermde zich over hem; vroeg of we hem konden verzorgen; bleef bij hem; bracht hem naar zijn stoel en informeerde nadien of alles goed was met hem. U raadt het al&#8230; het leek wel de parabel van de barmhartige Samaritaan!<br \/>\nTijdens de kennismaking vertelde een van de dames dat de meerderheid van de mensen vluchtelingen waren. Sommigen waren nog niet lang in Belgi\u00eb.<br \/>\nOndanks hun situatie &#8211; tot armoede toe &#8211; dekten zij voor ons een tafel, rijk aan spijzen. Het deed me denken aan de arme weduwe met haar stuiver.<br \/>\nWij, stugge Vlamingen, zijn dergelijke gebaren van pure naastenliefde niet zo gewoon en weten ons daarom geen houding aan te nemen. In dit besef vroeg ik aan Esma om op het einde van de viering een kort woordje uitleg te geven. Dat deed ze met brio. Ze legde de nadruk op onze ontmoeting en op het samenwerken aan een inclusieve maatschappij waar iedereen, ongeacht achtergrond of religie tot zijn recht komt.<\/p>\n<p>Dit had Esma ons te vertellen:<br \/>\nCorona deed ons beseffen dat het leven van \u00e9\u00e9n persoon, ongeacht ras of religie, net zo kostbaar is als het leven van de hele mensheid en daarom onze bescherming verdient; dat we moeten samenwerken voor het welzijn en de gezondheid van mensen over de grenzen heen, zelfs al denken en geloven we niet hetzelfde. Ook al hebben we niet dezelfde etniciteit; de mensen aan de andere kant van de wereld horen er ook bij.<br \/>\nCorona doet ons beseffen dat de mensheid wel degelijk \u00e9\u00e9n grote familie is. Niets in de wereld staat los van het geheel. E\u00e9n virus doet ons inzien dat liefde en verbondenheid de grootste kracht is in het leven van de mens. Laten we er daarom voor zorgen dat liefde het wint van ego\u00efsme en onverschilligheid. Laat ons gaan voor een nieuw maatschappelijk bewustzijn; voor een nieuwe geboorte van hoop en het inzicht dat ieder het goede in zich draagt.<br \/>\nOnze wonden, maar ook vreugden brengen ons dichter bij elkaar. Zo ook met Kerstmis; een periode waar het licht van Jezus &#8211; vrede zij met Hem &#8211; is neergedaald. Laten we samen Zijn licht delen en verspreiden.<\/p>\n<p>Toen ik uitnodigde om even met elkaar kennis te maken en eens te proeven van al dat lekkers, zag ik menig Kortenbergenaar aanschuiven en dessertjes mee naar huis nemen. Voor vele parochianen voor herhaling vatbaar, zo mocht ik horen tijdens de vele telefoontjes die ik achteraf kreeg.<br \/>\nUmit V\u00fcrel, een Nederlands-Turkse vriend, die we tijdens de coronacrisis leerden kennen &#8211; hij stelde onze vieringen via stream beschikbaar &#8211; vernam dat iemand die nog maar net in Belgi\u00eb was aangekomen, sindsdien in contact wenste te komen met de lokale gemeenschap. Hij was erg dankbaar voor de warme ontvangst.<br \/>\nKortenberg is een multiculturele gemeente. En ook de parochie mag dit, Godzijdank, ervaren. Bij het uitwisselen van de kerstwensen werden deze maar liefst in negen talen uitgesproken. Wat een rijkdom!<br \/>\nIk ben erg dankbaar dit te mogen meemaken. Het gaf Kerstmis plots veel meer inhoud. De vreugde werd er \u2018echt\u2019 door. Hier werd Jezus werkelijk geboren!<br \/>\nChantal Lemmens &#8211; pastoraalco\u00f6rdinator in Kortenberg<\/p>\n","protected":false},"excerpt":{"rendered":"<p>Een bijzondere kerstviering in Kortenberg BASR\u0130 DO\u011eAN-KORTENBERG,TR724 Pastoraalco\u00f6rdinator Chantal Lemmens ontving op Kerstmis enkele onverwachte gasten\u2026 We waren nog in volle voorbereiding toen we in de week voor Kerstmis een vriendelijke mail kregen van een dame met de naam Esma. Zij vertelde dat haar gemeenschap voor de gelovigen van Kortenberg op het Kerstfeest een geschenk [&hellip;]<\/p>\n","protected":false},"author":2,"featured_media":0,"comment_status":"open","ping_status":"open","sticky":false,"template":"","format":"standard","meta":{"footnotes":""},"categories":[278],"tags":[],"class_list":["post-2835","post","type-post","status-publish","format-standard","hentry","category-binnenland"],"_links":{"self":[{"href":"https:\/\/nieuwe-nederlander.nl\/index.php?rest_route=\/wp\/v2\/posts\/2835","targetHints":{"allow":["GET"]}}],"collection":[{"href":"https:\/\/nieuwe-nederlander.nl\/index.php?rest_route=\/wp\/v2\/posts"}],"about":[{"href":"https:\/\/nieuwe-nederlander.nl\/index.php?rest_route=\/wp\/v2\/types\/post"}],"author":[{"embeddable":true,"href":"https:\/\/nieuwe-nederlander.nl\/index.php?rest_route=\/wp\/v2\/users\/2"}],"replies":[{"embeddable":true,"href":"https:\/\/nieuwe-nederlander.nl\/index.php?rest_route=%2Fwp%2Fv2%2Fcomments&post=2835"}],"version-history":[{"count":2,"href":"https:\/\/nieuwe-nederlander.nl\/index.php?rest_route=\/wp\/v2\/posts\/2835\/revisions"}],"predecessor-version":[{"id":2841,"href":"https:\/\/nieuwe-nederlander.nl\/index.php?rest_route=\/wp\/v2\/posts\/2835\/revisions\/2841"}],"wp:attachment":[{"href":"https:\/\/nieuwe-nederlander.nl\/index.php?rest_route=%2Fwp%2Fv2%2Fmedia&parent=2835"}],"wp:term":[{"taxonomy":"category","embeddable":true,"href":"https:\/\/nieuwe-nederlander.nl\/index.php?rest_route=%2Fwp%2Fv2%2Fcategories&post=2835"},{"taxonomy":"post_tag","embeddable":true,"href":"https:\/\/nieuwe-nederlander.nl\/index.php?rest_route=%2Fwp%2Fv2%2Ftags&post=2835"}],"curies":[{"name":"wp","href":"https:\/\/api.w.org\/{rel}","templated":true}]}}