{"id":2883,"date":"2022-03-18T20:23:31","date_gmt":"2022-03-18T20:23:31","guid":{"rendered":"https:\/\/nieuwe-nederlander.nl\/?p=2883"},"modified":"2022-03-18T20:26:06","modified_gmt":"2022-03-18T20:26:06","slug":"ep-rapporteur-bekritiseert-turkse-regering-over-gebruik-van-terreurbeschuldigingen-om-kritiek-in-de-kiem-te-smoren-nieuwe-nederlander-brussels-nacho-sanchez-amor-turkije-gebruikt-brede-beschuldig","status":"publish","type":"post","link":"https:\/\/nieuwe-nederlander.nl\/?p=2883","title":{"rendered":"EP-rapporteur bekritiseert Turkse regering over gebruik van terreurbeschuldigingen om kritiek in de kiem te smoren."},"content":{"rendered":"<p>EP-rapporteur bekritiseert Turkse regering over gebruik van terreurbeschuldigingen om kritiek in de kiem te smoren.<\/p>\n<p><img loading=\"lazy\" decoding=\"async\" class=\"alignnone size-medium wp-image-2884\" src=\"https:\/\/nieuwe-nederlander.nl\/wp-content\/uploads\/2022\/03\/EDD801DF-CA0A-4230-B7A4-A7386A129857-400x206.jpeg\" alt=\"\" width=\"300\" height=\"155\" srcset=\"https:\/\/nieuwe-nederlander.nl\/wp-content\/uploads\/2022\/03\/EDD801DF-CA0A-4230-B7A4-A7386A129857-400x206.jpeg 400w, https:\/\/nieuwe-nederlander.nl\/wp-content\/uploads\/2022\/03\/EDD801DF-CA0A-4230-B7A4-A7386A129857-650x335.jpeg 650w, https:\/\/nieuwe-nederlander.nl\/wp-content\/uploads\/2022\/03\/EDD801DF-CA0A-4230-B7A4-A7386A129857-250x129.jpeg 250w, https:\/\/nieuwe-nederlander.nl\/wp-content\/uploads\/2022\/03\/EDD801DF-CA0A-4230-B7A4-A7386A129857-768x396.jpeg 768w, https:\/\/nieuwe-nederlander.nl\/wp-content\/uploads\/2022\/03\/EDD801DF-CA0A-4230-B7A4-A7386A129857-150x77.jpeg 150w, https:\/\/nieuwe-nederlander.nl\/wp-content\/uploads\/2022\/03\/EDD801DF-CA0A-4230-B7A4-A7386A129857-800x413.jpeg 800w, https:\/\/nieuwe-nederlander.nl\/wp-content\/uploads\/2022\/03\/EDD801DF-CA0A-4230-B7A4-A7386A129857.jpeg 1153w\" sizes=\"auto, (max-width: 300px) 100vw, 300px\" \/><\/p>\n<p>N\u0130EUWE-NEDERLANDER, BRUSSELS<\/p>\n<p>Nacho S\u00e1nchez Amor<br \/>\nTurkije gebruikt brede beschuldigingen van terrorisme om critici het zwijgen op te leggen, zei Nacho S\u00e1nchez Amor, een lid van het Europees Parlement van de Progressieve Alliantie van Socialisten en Democraten (S&amp;D) en de Turkije-rapporteur van het Europees Parlement, op de 79e vergadering van de Gemengde Parlementaire Commissie EU-Turkije op donderdag, meldde Turkish Minute.<\/p>\n<p>Amor zei dat het etiket terrorist een universele beschuldiging aan het worden is in Turkije, en beweerde dat artsen, studenten en politici van de oppositie het doelwit zijn van beschuldigingen van terreur omdat ze kritiek hebben op de Turkse regering, of omdat ze gewoon hun werk doen in het geval van advocaten en journalisten.<\/p>\n<p>&#8220;Realiseert u zich hoe u van buitenaf wordt gezien met deze enorme verspreiding van de beschuldiging van terrorisme?&#8221; vroeg Sanchez tijdens de zitting aan de Turkse delegatie.<\/p>\n<p>Verwijzend naar een couppoging in 2016, die door de Turkse president Recep Tayyip Erdo\u011fan en zijn regerende Partij voor Rechtvaardigheid en Ontwikkeling (AKP) wordt gebruikt als voorwendsel om vrijheden in te perken, herinnerde de rapporteur eraan dat het hardhandig optreden van Turkije al ruim voor de coup begon, waarbij hij wees op de inbeslagname van kritische mediakanalen die eigendom zijn van Koza \u0130pek Holding.<\/p>\n<p>Koza \u0130pek Holding, ooit eigendom van Ak\u0131n \u0130pek en zijn familie, werd in 2015 door de Turkse regering in beslag genomen vanwege de vermeende banden met de G\u00fclen-beweging, die door Erdo\u011fan en zijn regerende AKP als een terroristische organisatie wordt bestempeld.<\/p>\n<p>\u0130pek, een Turkse zakenman en de oprichter van Koza \u0130pek Holding die sinds 2015 in het Verenigd Koninkrijk woont, riskeert een gevangenisstraf in Turkije wegens vermeende G\u00fclen-banden.<\/p>\n<p>Erdo\u011fan heeft het gemunt op volgelingen van de G\u00fclenbeweging, ge\u00efnspireerd door de Turkse moslimgeestelijke Fethullah G\u00fclen, sinds de corruptieonderzoeken van 17-25 december 2013, waarbij toenmalig premier Erdo\u011fan, zijn familieleden en zijn binnenste kring betrokken waren.<\/p>\n<p>Erdo\u011fan deed de onderzoeken af als een coup van de G\u00fclenisten en een samenzwering tegen zijn regering, maar bestempelde de beweging als een terroristische organisatie en begon de leden ervan aan te pakken. Hij verscherpte het optreden tegen de beweging na de mislukte staatsgreep waarvan hij G\u00fclen beschuldigde het brein te zijn. G\u00fclen en de beweging ontkennen met klem betrokken te zijn geweest bij de poging tot staatsgreep of bij enige terroristische activiteit.<\/p>\n<p>&#8220;Sinds wanneer is de G\u00fclen-beweging een terroristische beweging?&#8221; vroeg Amor, verwijzend naar de detentie van duizenden mensen direct na de couppoging in juli 2016.<\/p>\n<p>De Europarlementari\u00ebr zei dat leden van de G\u00fclenbeweging die betrokken waren bij de coup ter verantwoording moeten worden geroepen voor hun misdaden; een leraar &#8220;die de afgelopen 20 jaar in Indonesi\u00eb heeft gewerkt&#8221; beschuldigen van betrokkenheid bij de couppoging ging echter in tegen het beginsel van individuele verantwoordelijkheid bij strafrechtelijke beschuldigingen.<\/p>\n<p>Amor wees ook op de duizenden mensen tegen wie een onderzoek loopt wegens vermeende beledigingen van president Erdo\u011fan.<\/p>\n<p>Belediging van de president is in Turkije een misdrijf, volgens het omstreden artikel 299 van het Turkse wetboek van strafrecht (TCK). Wie de president beledigt, kan tot vier jaar gevangenisstraf krijgen, een straf die kan worden verhoogd als het misdrijf via de massamedia is gepleegd.<\/p>\n<p>De beledigingszaken komen meestal voort uit berichten op sociale media die door tegenstanders van Erdo\u011fan worden gedeeld. De Turkse politie en justitie beschouwen zelfs de kleinste kritiek op de president of zijn regering als een belediging.<\/p>\n<p>&#8220;Wat jullie een misdaad noemen, het beledigen van de president, is in onze landen een nationale sport,&#8221; zei Amor.<\/p>\n<p>De vage definitie van de Turkse regering van &#8220;terrorisme&#8221; heeft geleid tot honderdduizenden onderzoeken naar terrorisme tegen evenzoveel mensen, voornamelijk leden van de G\u00fclen-beweging.<\/p>\n<p>Sinds de couppoging beschuldigt Erdo\u011fan een groeiend aantal tegenstanders en groepen die zich tegen zijn beslissingen verzetten, ervan &#8220;terroristen&#8221; te zijn, een actie die door critici wordt gezien als een poging om zijn autoritaire bewind te versterken.<\/p>\n","protected":false},"excerpt":{"rendered":"<p>EP-rapporteur bekritiseert Turkse regering over gebruik van terreurbeschuldigingen om kritiek in de kiem te smoren. N\u0130EUWE-NEDERLANDER, BRUSSELS Nacho S\u00e1nchez Amor Turkije gebruikt brede beschuldigingen van terrorisme om critici het zwijgen op te leggen, zei Nacho S\u00e1nchez Amor, een lid van het Europees Parlement van de Progressieve Alliantie van Socialisten en Democraten (S&amp;D) en de Turkije-rapporteur [&hellip;]<\/p>\n","protected":false},"author":2,"featured_media":0,"comment_status":"open","ping_status":"open","sticky":false,"template":"","format":"standard","meta":{"footnotes":""},"categories":[278],"tags":[],"class_list":["post-2883","post","type-post","status-publish","format-standard","hentry","category-binnenland"],"_links":{"self":[{"href":"https:\/\/nieuwe-nederlander.nl\/index.php?rest_route=\/wp\/v2\/posts\/2883","targetHints":{"allow":["GET"]}}],"collection":[{"href":"https:\/\/nieuwe-nederlander.nl\/index.php?rest_route=\/wp\/v2\/posts"}],"about":[{"href":"https:\/\/nieuwe-nederlander.nl\/index.php?rest_route=\/wp\/v2\/types\/post"}],"author":[{"embeddable":true,"href":"https:\/\/nieuwe-nederlander.nl\/index.php?rest_route=\/wp\/v2\/users\/2"}],"replies":[{"embeddable":true,"href":"https:\/\/nieuwe-nederlander.nl\/index.php?rest_route=%2Fwp%2Fv2%2Fcomments&post=2883"}],"version-history":[{"count":3,"href":"https:\/\/nieuwe-nederlander.nl\/index.php?rest_route=\/wp\/v2\/posts\/2883\/revisions"}],"predecessor-version":[{"id":2887,"href":"https:\/\/nieuwe-nederlander.nl\/index.php?rest_route=\/wp\/v2\/posts\/2883\/revisions\/2887"}],"wp:attachment":[{"href":"https:\/\/nieuwe-nederlander.nl\/index.php?rest_route=%2Fwp%2Fv2%2Fmedia&parent=2883"}],"wp:term":[{"taxonomy":"category","embeddable":true,"href":"https:\/\/nieuwe-nederlander.nl\/index.php?rest_route=%2Fwp%2Fv2%2Fcategories&post=2883"},{"taxonomy":"post_tag","embeddable":true,"href":"https:\/\/nieuwe-nederlander.nl\/index.php?rest_route=%2Fwp%2Fv2%2Ftags&post=2883"}],"curies":[{"name":"wp","href":"https:\/\/api.w.org\/{rel}","templated":true}]}}