{"id":2947,"date":"2022-09-07T21:25:15","date_gmt":"2022-09-07T21:25:15","guid":{"rendered":"https:\/\/nieuwe-nederlander.nl\/?p=2947"},"modified":"2022-09-07T21:25:15","modified_gmt":"2022-09-07T21:25:15","slug":"turkse-politie-zet-20-journalisten-op-zwarte-lijst-wegens-schrijven-voor-online-magazine","status":"publish","type":"post","link":"https:\/\/nieuwe-nederlander.nl\/?p=2947","title":{"rendered":"Turkse politie zet 20 journalisten op zwarte lijst wegens schrijven voor online magazine"},"content":{"rendered":"<p>Turkse politie zet 20 journalisten op zwarte lijst wegens schrijven voor online magazine<br \/>\n<img loading=\"lazy\" decoding=\"async\" class=\"alignnone size-medium wp-image-2948\" src=\"https:\/\/nieuwe-nederlander.nl\/wp-content\/uploads\/2022\/09\/WhatsApp-Image-2022-09-07-at-23.14.44-400x221.jpeg\" alt=\"\" width=\"300\" height=\"166\" srcset=\"https:\/\/nieuwe-nederlander.nl\/wp-content\/uploads\/2022\/09\/WhatsApp-Image-2022-09-07-at-23.14.44-400x221.jpeg 400w, https:\/\/nieuwe-nederlander.nl\/wp-content\/uploads\/2022\/09\/WhatsApp-Image-2022-09-07-at-23.14.44-650x359.jpeg 650w, https:\/\/nieuwe-nederlander.nl\/wp-content\/uploads\/2022\/09\/WhatsApp-Image-2022-09-07-at-23.14.44-250x138.jpeg 250w, https:\/\/nieuwe-nederlander.nl\/wp-content\/uploads\/2022\/09\/WhatsApp-Image-2022-09-07-at-23.14.44-768x424.jpeg 768w, https:\/\/nieuwe-nederlander.nl\/wp-content\/uploads\/2022\/09\/WhatsApp-Image-2022-09-07-at-23.14.44-150x83.jpeg 150w, https:\/\/nieuwe-nederlander.nl\/wp-content\/uploads\/2022\/09\/WhatsApp-Image-2022-09-07-at-23.14.44-800x442.jpeg 800w, https:\/\/nieuwe-nederlander.nl\/wp-content\/uploads\/2022\/09\/WhatsApp-Image-2022-09-07-at-23.14.44.jpeg 862w\" sizes=\"auto, (max-width: 300px) 100vw, 300px\" \/><\/p>\n<p>N\u0130EUWE-NEDERLANDER<\/p>\n<p>De Turkse politie heeft 20 journalisten op de zwarte lijst gezet omdat ze hebben geschreven voor een online tijdschrift genaamd Journalist Post, een tijdschrift dat wordt uitgegeven door journalisten die in ballingschap leven, meldde Turkish Minute.<br \/>\nJournalist Post wordt uitgegeven door de International Journalists Association e.V., een organisatie die in Duitsland is opgericht door mediaprofessionals die onder druk van de regering uit Turkije moesten vluchten en nu in ballingschap leven.<\/p>\n<p>Tijdens het proces tegen MA-hoofdredacteur Dicle M\u00fcft\u00fco\u011flu op grond van een verzonnen beschuldiging van terrorisme, dook een document op met de namen van mensen die betrokken waren bij het beheer van het tijdschrift en bij het schrijven van artikelen: Engin Sa\u011f, \u015eemsi A\u00e7\u0131kg\u00f6z, Mustafa K\u0131l\u0131\u00e7, Y\u00fcksek Durgut, Ramiz K\u0131l\u0131\u00e7arslan, Necdet \u00c7elik, Hasan C\u00fcc\u00fck, \u0130smail Muhammet Sa\u011f\u0131ro\u011flu, Enes Cansever, Basri Do\u011fan, T\u00fcrkmen Terzi, Vedat Demir, Rabia Yavuz T\u00fcre, Yunus Erdo\u011fdu, Naciye Nur K\u0131l\u0131\u00e7, Erkan Pehlivan, Dicle M\u00fcft\u00fco\u011flu, Mustafa Kuleli, Ergkin Emet en G\u00f6khan Durmu\u015f, voorzitter van de Journalistenvereniging van Turkije (TGS).<\/p>\n<p>&#8220;Ik sta op de zwarte lijst omdat ik een artikel voor een tijdschrift heb geschreven, dat wil zeggen, omdat ik mijn werk doe. Het artikel dat ik schreef was om de moeilijkheden van Koerdische journalisten te laten zien. Ik word terechtgewezen omdat ik mijn plicht doe&#8221;, aldus M\u00fcft\u00fco\u011flu, die door MA werd geciteerd.<br \/>\nVolgens de Turkse politie wordt Journalist Post geleid door de G\u00fclen-beweging, die is ge\u00efnspireerd door de Turkse geestelijke Fethullah G\u00fclen en door Ankara op de lijst van terroristische organisaties is geplaatst en wordt beschuldigd van een couppoging in 2016. De beweging ontkent elke betrokkenheid bij de staatsgreep of terroristische activiteiten.<br \/>\nTurkije, dat bekendstaat als een van de topgevangenen van journalisten ter wereld, stond op de 149e plaats van 180 landen in de 2022 World Press Freedom Index van Reporters Without Borders (RSF).<br \/>\nTientallen kritische journalisten werden in Turkije gevangengezet, terwijl veel mediakanalen in de nasleep van de couppoging werden gesloten.<\/p>\n<p><img loading=\"lazy\" decoding=\"async\" class=\"alignnone size-medium wp-image-2950\" src=\"https:\/\/nieuwe-nederlander.nl\/wp-content\/uploads\/2022\/09\/111-400x540.jpg\" alt=\"\" width=\"222\" height=\"300\" srcset=\"https:\/\/nieuwe-nederlander.nl\/wp-content\/uploads\/2022\/09\/111-400x540.jpg 400w, https:\/\/nieuwe-nederlander.nl\/wp-content\/uploads\/2022\/09\/111-250x337.jpg 250w, https:\/\/nieuwe-nederlander.nl\/wp-content\/uploads\/2022\/09\/111-150x202.jpg 150w, https:\/\/nieuwe-nederlander.nl\/wp-content\/uploads\/2022\/09\/111.jpg 506w\" sizes=\"auto, (max-width: 222px) 100vw, 222px\" \/> <img loading=\"lazy\" decoding=\"async\" class=\"alignnone size-medium wp-image-2951\" src=\"https:\/\/nieuwe-nederlander.nl\/wp-content\/uploads\/2022\/09\/222-400x559.jpg\" alt=\"\" width=\"215\" height=\"300\" srcset=\"https:\/\/nieuwe-nederlander.nl\/wp-content\/uploads\/2022\/09\/222-400x559.jpg 400w, https:\/\/nieuwe-nederlander.nl\/wp-content\/uploads\/2022\/09\/222-250x349.jpg 250w, https:\/\/nieuwe-nederlander.nl\/wp-content\/uploads\/2022\/09\/222-150x210.jpg 150w, https:\/\/nieuwe-nederlander.nl\/wp-content\/uploads\/2022\/09\/222.jpg 489w\" sizes=\"auto, (max-width: 215px) 100vw, 215px\" \/><\/p>\n<p><a href=\"https:\/\/nieuwe-nederlander.nl\/wp-content\/uploads\/2022\/09\/DI\u0307CLE-MU\u0308FTU\u0308OG\u0306LU-FI\u0307S\u0327LEME.pdf\">DI\u0307CLE MU\u0308FTU\u0308OG\u0306LU FI\u0307S\u0327LEME<\/a><\/p>\n<p>&nbsp;<\/p>\n","protected":false},"excerpt":{"rendered":"<p>Turkse politie zet 20 journalisten op zwarte lijst wegens schrijven voor online magazine N\u0130EUWE-NEDERLANDER De Turkse politie heeft 20 journalisten op de zwarte lijst gezet omdat ze hebben geschreven voor een online tijdschrift genaamd Journalist Post, een tijdschrift dat wordt uitgegeven door journalisten die in ballingschap leven, meldde Turkish Minute. Journalist Post wordt uitgegeven door [&hellip;]<\/p>\n","protected":false},"author":2,"featured_media":0,"comment_status":"open","ping_status":"open","sticky":false,"template":"","format":"standard","meta":{"footnotes":""},"categories":[278,279],"tags":[],"class_list":["post-2947","post","type-post","status-publish","format-standard","hentry","category-binnenland","category-buitenland"],"_links":{"self":[{"href":"https:\/\/nieuwe-nederlander.nl\/index.php?rest_route=\/wp\/v2\/posts\/2947","targetHints":{"allow":["GET"]}}],"collection":[{"href":"https:\/\/nieuwe-nederlander.nl\/index.php?rest_route=\/wp\/v2\/posts"}],"about":[{"href":"https:\/\/nieuwe-nederlander.nl\/index.php?rest_route=\/wp\/v2\/types\/post"}],"author":[{"embeddable":true,"href":"https:\/\/nieuwe-nederlander.nl\/index.php?rest_route=\/wp\/v2\/users\/2"}],"replies":[{"embeddable":true,"href":"https:\/\/nieuwe-nederlander.nl\/index.php?rest_route=%2Fwp%2Fv2%2Fcomments&post=2947"}],"version-history":[{"count":1,"href":"https:\/\/nieuwe-nederlander.nl\/index.php?rest_route=\/wp\/v2\/posts\/2947\/revisions"}],"predecessor-version":[{"id":2952,"href":"https:\/\/nieuwe-nederlander.nl\/index.php?rest_route=\/wp\/v2\/posts\/2947\/revisions\/2952"}],"wp:attachment":[{"href":"https:\/\/nieuwe-nederlander.nl\/index.php?rest_route=%2Fwp%2Fv2%2Fmedia&parent=2947"}],"wp:term":[{"taxonomy":"category","embeddable":true,"href":"https:\/\/nieuwe-nederlander.nl\/index.php?rest_route=%2Fwp%2Fv2%2Fcategories&post=2947"},{"taxonomy":"post_tag","embeddable":true,"href":"https:\/\/nieuwe-nederlander.nl\/index.php?rest_route=%2Fwp%2Fv2%2Ftags&post=2947"}],"curies":[{"name":"wp","href":"https:\/\/api.w.org\/{rel}","templated":true}]}}