{"id":3079,"date":"2023-03-10T16:23:50","date_gmt":"2023-03-10T16:23:50","guid":{"rendered":"https:\/\/nieuwe-nederlander.nl\/?p=3079"},"modified":"2023-03-10T16:25:19","modified_gmt":"2023-03-10T16:25:19","slug":"de-jonge-caglayan-schrijvers-op-bezoek-in-amsterdam","status":"publish","type":"post","link":"https:\/\/nieuwe-nederlander.nl\/?p=3079","title":{"rendered":"De Jonge \u00c7a\u011flayan schrijvers op bezoek in Amsterdam"},"content":{"rendered":"<p>Tr7\/24, Basri\u0307 Do\u011fan | Amsterdam<\/p>\n<p><strong>De schrijvers en redacteuren van \u2018<em>Jonge \u00c7a\u011flayan<\/em>\u2019, een maandelijks e-magazine dat sinds januari 2021 online in het Turks wordt uitgegeven, hebben hun lezers in Amsterdam ontmoet. <\/strong><\/p>\n<p><strong>Op 4 maart jl. presenteerden de redactieleden de activiteiten en de projecten van dit tijdschrift. Voorafgaand aan de presentatie sprak de heer \u0130rfan Y\u0131lmaz, hoofdredacteur van <em>\u00c7a\u011flayan<\/em>, over de redactionele uitgangspunten van het tijdschrift. Ook sprak hij over zijn herinneringen aan het tijdschrift <em>S\u0131z\u0131nt\u0131<\/em>, dat 37 jaar voor <em>\u00c7a\u011flayan<\/em> werd uitgegeven. <\/strong><\/p>\n<p><strong>Z\u00fcleyha Ko\u00e7, een lid van het <em>Jonge \u00c7a\u011flayan<\/em> team, en S. Akbulak, de co\u00f6rdinator van dit tijdschrift, gaven een presentatie over de activiteiten. Ook andere leden van het tijdschrift gaven gedetailleerde informatie over de projecten waaraan zij gaan deelnemen.<\/strong><\/p>\n<p>De teamleden kondigden aan dat de projecten, in de vorm van bijeenkomsten, de komende maanden in verschillende steden zullen worden voortgezet. De eerste bijeenkomst was in Amsterdam, in het Sara Burgerhart Activity Centre. Hier kwamen de <em>Jonge \u00c7a\u011flayan<\/em> schrijvers en redacteuren voor het eerst samen met hun lezers in Europa. Aan het einde van de bijeenkomst deelde het tijdschriftenteam hun gedachten met ons:<\/p>\n<p>Z\u00fcleyha Ko\u00e7: \u201cIk probeer psychologische verhalen en artikelen te schrijven in het tijdschrift <em>Jonge \u00c7a\u011flayan<\/em>. Daarnaast help ik mee in de redactie.\u201d<\/p>\n<p>S. Akbulak: \u201cIn onze redactie bespreken we elke 15 dagen de artikelen. We evalueren de essays en gedichten volgens ons publicatiebeleid en literaire criteria. We geven feedback aan de schrijvers en publiceren de artikelen na de nodige bewerkingen. We organiseren ook workshops voor jonge schrijvers. De zevende workshop is nu aan de gang.\u201d<\/p>\n<p>Derya Hekim: \u201cIk probeer de projecten van <em>Jonge \u00c7a\u011flayan<\/em> te ondersteunen. Ik neem deel aan de vergaderingen van de redactie en draag bij aan het tijdschrift met mijn essays en verhalen. We organiseren verschillende workshops en seminars. Ik ontwikkel inhoud voor onze social media-accounts.\u201d<\/p>\n<p>S\u00fcmeyye Sakarya: \u201cIk draag bij aan ons tijdschrift door essays te schrijven en deel te nemen aan proefleesactiviteiten. Daarnaast probeer ik de schrijfworkshop te co\u00f6rdineren. Jongeren hebben een buitengewoon verbeeldingsvermogen. Ze kunnen unieke teksten met inspiratie componeren. Dat hebben we gezien in onze schrijfworkshops.\u201d<\/p>\n<p>Ay\u015feg\u00fcl Y\u0131ld\u0131r\u0131m: \u201cIk ben sinds de dag dat <em>Jonge \u00c7a\u011flayan<\/em> is opgericht betrokken bij de redactionele activiteiten. Ik bereid de inhoud voor die op sociale media wordt gepubliceerd. Ook ben in actief met het proeflezen van de artikelen. Ik heb eerder deelgenomen aan de schrijfworkshop. Ik heb deelgenomen aan het project \u201cGedichten uit Anatoli\u00eb\u201d. Jongeren kunnen bijdragen aan onze activiteiten, vooral op het gebied van schrijven en sociale media.\u201d<\/p>\n<p>Nur Arslan: \u201cIk schrijf artikelen voor jongeren in <em>Jonge \u00c7a\u011flayan<\/em>. Ik schrijf vooral verhalen en memoires. Ik geef mijn observaties graag weer in de vorm van verhalen.\u201d<\/p>\n<p>Mehmet Y\u0131ld\u0131z: \u201cOns tijdschrift is niet zomaar een tijdschrift: De artikelen nemen je mee naar een andere dimensie. Sommige mensen houden van literatuur, sommigen van geschiedenis, sommigen van astronomie. Er zijn berichten voor iedereen.\u201d<\/p>\n<p>Hafsa Y\u0131ld\u0131z: \u201cIk volg momenteel de zevende schrijfworkshop. Ik kreeg de kans mezelf te verbeteren. Daarnaast heb ik deelgenomen aan enkele projecten.\u201d<\/p>\n<p>Tot zover het verkorte relaas van de diverse teamleden.<\/p>\n<p><img loading=\"lazy\" decoding=\"async\" class=\"alignnone wp-image-3081\" src=\"https:\/\/nieuwe-nederlander.nl\/wp-content\/uploads\/2023\/03\/GC_Amsterdam-2-400x397.jpeg\" alt=\"\" width=\"237\" height=\"235\" srcset=\"https:\/\/nieuwe-nederlander.nl\/wp-content\/uploads\/2023\/03\/GC_Amsterdam-2-400x397.jpeg 400w, https:\/\/nieuwe-nederlander.nl\/wp-content\/uploads\/2023\/03\/GC_Amsterdam-2-650x645.jpeg 650w, https:\/\/nieuwe-nederlander.nl\/wp-content\/uploads\/2023\/03\/GC_Amsterdam-2-250x248.jpeg 250w, https:\/\/nieuwe-nederlander.nl\/wp-content\/uploads\/2023\/03\/GC_Amsterdam-2-768x762.jpeg 768w, https:\/\/nieuwe-nederlander.nl\/wp-content\/uploads\/2023\/03\/GC_Amsterdam-2-150x149.jpeg 150w, https:\/\/nieuwe-nederlander.nl\/wp-content\/uploads\/2023\/03\/GC_Amsterdam-2-800x794.jpeg 800w, https:\/\/nieuwe-nederlander.nl\/wp-content\/uploads\/2023\/03\/GC_Amsterdam-2.jpeg 1024w\" sizes=\"auto, (max-width: 237px) 100vw, 237px\" \/> <img loading=\"lazy\" decoding=\"async\" class=\"alignnone wp-image-3082\" src=\"https:\/\/nieuwe-nederlander.nl\/wp-content\/uploads\/2023\/03\/GC_Amsterdam-3-400x353.jpeg\" alt=\"\" width=\"259\" height=\"229\" srcset=\"https:\/\/nieuwe-nederlander.nl\/wp-content\/uploads\/2023\/03\/GC_Amsterdam-3-400x353.jpeg 400w, https:\/\/nieuwe-nederlander.nl\/wp-content\/uploads\/2023\/03\/GC_Amsterdam-3-650x574.jpeg 650w, https:\/\/nieuwe-nederlander.nl\/wp-content\/uploads\/2023\/03\/GC_Amsterdam-3-250x221.jpeg 250w, https:\/\/nieuwe-nederlander.nl\/wp-content\/uploads\/2023\/03\/GC_Amsterdam-3-768x678.jpeg 768w, https:\/\/nieuwe-nederlander.nl\/wp-content\/uploads\/2023\/03\/GC_Amsterdam-3-150x132.jpeg 150w, https:\/\/nieuwe-nederlander.nl\/wp-content\/uploads\/2023\/03\/GC_Amsterdam-3-800x706.jpeg 800w, https:\/\/nieuwe-nederlander.nl\/wp-content\/uploads\/2023\/03\/GC_Amsterdam-3.jpeg 1024w\" sizes=\"auto, (max-width: 259px) 100vw, 259px\" \/> <img loading=\"lazy\" decoding=\"async\" class=\"alignnone wp-image-3083\" src=\"https:\/\/nieuwe-nederlander.nl\/wp-content\/uploads\/2023\/03\/GC_Amsterdam-5-400x264.jpeg\" alt=\"\" width=\"347\" height=\"229\" srcset=\"https:\/\/nieuwe-nederlander.nl\/wp-content\/uploads\/2023\/03\/GC_Amsterdam-5-400x264.jpeg 400w, https:\/\/nieuwe-nederlander.nl\/wp-content\/uploads\/2023\/03\/GC_Amsterdam-5-650x428.jpeg 650w, https:\/\/nieuwe-nederlander.nl\/wp-content\/uploads\/2023\/03\/GC_Amsterdam-5-250x165.jpeg 250w, https:\/\/nieuwe-nederlander.nl\/wp-content\/uploads\/2023\/03\/GC_Amsterdam-5-768x506.jpeg 768w, https:\/\/nieuwe-nederlander.nl\/wp-content\/uploads\/2023\/03\/GC_Amsterdam-5-150x99.jpeg 150w, https:\/\/nieuwe-nederlander.nl\/wp-content\/uploads\/2023\/03\/GC_Amsterdam-5-800x527.jpeg 800w, https:\/\/nieuwe-nederlander.nl\/wp-content\/uploads\/2023\/03\/GC_Amsterdam-5.jpeg 1024w\" sizes=\"auto, (max-width: 347px) 100vw, 347px\" \/> <img loading=\"lazy\" decoding=\"async\" class=\"alignnone wp-image-3084\" src=\"https:\/\/nieuwe-nederlander.nl\/wp-content\/uploads\/2023\/03\/GC_Amsterdam-6-400x405.jpeg\" alt=\"\" width=\"224\" height=\"227\" srcset=\"https:\/\/nieuwe-nederlander.nl\/wp-content\/uploads\/2023\/03\/GC_Amsterdam-6-400x405.jpeg 400w, https:\/\/nieuwe-nederlander.nl\/wp-content\/uploads\/2023\/03\/GC_Amsterdam-6-650x658.jpeg 650w, https:\/\/nieuwe-nederlander.nl\/wp-content\/uploads\/2023\/03\/GC_Amsterdam-6-250x253.jpeg 250w, https:\/\/nieuwe-nederlander.nl\/wp-content\/uploads\/2023\/03\/GC_Amsterdam-6-768x778.jpeg 768w, https:\/\/nieuwe-nederlander.nl\/wp-content\/uploads\/2023\/03\/GC_Amsterdam-6-150x152.jpeg 150w, https:\/\/nieuwe-nederlander.nl\/wp-content\/uploads\/2023\/03\/GC_Amsterdam-6-800x810.jpeg 800w, https:\/\/nieuwe-nederlander.nl\/wp-content\/uploads\/2023\/03\/GC_Amsterdam-6.jpeg 1011w\" sizes=\"auto, (max-width: 224px) 100vw, 224px\" \/> <img loading=\"lazy\" decoding=\"async\" class=\"alignnone wp-image-3085\" src=\"https:\/\/nieuwe-nederlander.nl\/wp-content\/uploads\/2023\/03\/GC_Amsterdam-7-400x447.jpeg\" alt=\"\" width=\"204\" height=\"228\" srcset=\"https:\/\/nieuwe-nederlander.nl\/wp-content\/uploads\/2023\/03\/GC_Amsterdam-7-400x447.jpeg 400w, https:\/\/nieuwe-nederlander.nl\/wp-content\/uploads\/2023\/03\/GC_Amsterdam-7-650x726.jpeg 650w, https:\/\/nieuwe-nederlander.nl\/wp-content\/uploads\/2023\/03\/GC_Amsterdam-7-250x279.jpeg 250w, https:\/\/nieuwe-nederlander.nl\/wp-content\/uploads\/2023\/03\/GC_Amsterdam-7-768x858.jpeg 768w, https:\/\/nieuwe-nederlander.nl\/wp-content\/uploads\/2023\/03\/GC_Amsterdam-7-150x168.jpeg 150w, https:\/\/nieuwe-nederlander.nl\/wp-content\/uploads\/2023\/03\/GC_Amsterdam-7-800x894.jpeg 800w, https:\/\/nieuwe-nederlander.nl\/wp-content\/uploads\/2023\/03\/GC_Amsterdam-7.jpeg 915w\" sizes=\"auto, (max-width: 204px) 100vw, 204px\" \/> <img loading=\"lazy\" decoding=\"async\" class=\"alignnone wp-image-3086\" src=\"https:\/\/nieuwe-nederlander.nl\/wp-content\/uploads\/2023\/03\/GC_Amsterdam-8-400x449.jpeg\" alt=\"\" width=\"212\" height=\"238\" srcset=\"https:\/\/nieuwe-nederlander.nl\/wp-content\/uploads\/2023\/03\/GC_Amsterdam-8-400x449.jpeg 400w, https:\/\/nieuwe-nederlander.nl\/wp-content\/uploads\/2023\/03\/GC_Amsterdam-8-650x730.jpeg 650w, https:\/\/nieuwe-nederlander.nl\/wp-content\/uploads\/2023\/03\/GC_Amsterdam-8-250x281.jpeg 250w, https:\/\/nieuwe-nederlander.nl\/wp-content\/uploads\/2023\/03\/GC_Amsterdam-8-768x862.jpeg 768w, https:\/\/nieuwe-nederlander.nl\/wp-content\/uploads\/2023\/03\/GC_Amsterdam-8-150x168.jpeg 150w, https:\/\/nieuwe-nederlander.nl\/wp-content\/uploads\/2023\/03\/GC_Amsterdam-8-800x898.jpeg 800w, https:\/\/nieuwe-nederlander.nl\/wp-content\/uploads\/2023\/03\/GC_Amsterdam-8.jpeg 912w\" sizes=\"auto, (max-width: 212px) 100vw, 212px\" \/> <img loading=\"lazy\" decoding=\"async\" class=\"alignnone size-medium wp-image-3087\" src=\"https:\/\/nieuwe-nederlander.nl\/wp-content\/uploads\/2023\/03\/GC_Amsterdam-9.jpeg\" alt=\"\" width=\"300\" height=\"239\" srcset=\"https:\/\/nieuwe-nederlander.nl\/wp-content\/uploads\/2023\/03\/GC_Amsterdam-9.jpeg 400w, https:\/\/nieuwe-nederlander.nl\/wp-content\/uploads\/2023\/03\/GC_Amsterdam-9-250x199.jpeg 250w, https:\/\/nieuwe-nederlander.nl\/wp-content\/uploads\/2023\/03\/GC_Amsterdam-9-150x119.jpeg 150w\" sizes=\"auto, (max-width: 300px) 100vw, 300px\" \/><\/p>\n<p><iframe loading=\"lazy\" title=\"Gen\u00e7 \u00c7a\u011flayan Yazarlar\u0131 Amsterdam&#039;da Okurlar\u0131yla Bulu\u015ftu\" width=\"1778\" height=\"1000\" src=\"https:\/\/www.youtube.com\/embed\/Tic_yGj6SYM?feature=oembed\" frameborder=\"0\" allow=\"accelerometer; autoplay; clipboard-write; encrypted-media; gyroscope; picture-in-picture; web-share\" allowfullscreen><\/iframe><\/p>\n","protected":false},"excerpt":{"rendered":"<p>Tr7\/24, Basri\u0307 Do\u011fan | Amsterdam De schrijvers en redacteuren van \u2018Jonge \u00c7a\u011flayan\u2019, een maandelijks e-magazine dat sinds januari 2021 online in het Turks wordt uitgegeven, hebben hun lezers in Amsterdam ontmoet. Op 4 maart jl. presenteerden de redactieleden de activiteiten en de projecten van dit tijdschrift. Voorafgaand aan de presentatie sprak de heer \u0130rfan Y\u0131lmaz, [&hellip;]<\/p>\n","protected":false},"author":2,"featured_media":3080,"comment_status":"open","ping_status":"open","sticky":false,"template":"","format":"standard","meta":{"footnotes":""},"categories":[278],"tags":[],"class_list":["post-3079","post","type-post","status-publish","format-standard","has-post-thumbnail","hentry","category-binnenland"],"_links":{"self":[{"href":"https:\/\/nieuwe-nederlander.nl\/index.php?rest_route=\/wp\/v2\/posts\/3079","targetHints":{"allow":["GET"]}}],"collection":[{"href":"https:\/\/nieuwe-nederlander.nl\/index.php?rest_route=\/wp\/v2\/posts"}],"about":[{"href":"https:\/\/nieuwe-nederlander.nl\/index.php?rest_route=\/wp\/v2\/types\/post"}],"author":[{"embeddable":true,"href":"https:\/\/nieuwe-nederlander.nl\/index.php?rest_route=\/wp\/v2\/users\/2"}],"replies":[{"embeddable":true,"href":"https:\/\/nieuwe-nederlander.nl\/index.php?rest_route=%2Fwp%2Fv2%2Fcomments&post=3079"}],"version-history":[{"count":3,"href":"https:\/\/nieuwe-nederlander.nl\/index.php?rest_route=\/wp\/v2\/posts\/3079\/revisions"}],"predecessor-version":[{"id":3090,"href":"https:\/\/nieuwe-nederlander.nl\/index.php?rest_route=\/wp\/v2\/posts\/3079\/revisions\/3090"}],"wp:featuredmedia":[{"embeddable":true,"href":"https:\/\/nieuwe-nederlander.nl\/index.php?rest_route=\/wp\/v2\/media\/3080"}],"wp:attachment":[{"href":"https:\/\/nieuwe-nederlander.nl\/index.php?rest_route=%2Fwp%2Fv2%2Fmedia&parent=3079"}],"wp:term":[{"taxonomy":"category","embeddable":true,"href":"https:\/\/nieuwe-nederlander.nl\/index.php?rest_route=%2Fwp%2Fv2%2Fcategories&post=3079"},{"taxonomy":"post_tag","embeddable":true,"href":"https:\/\/nieuwe-nederlander.nl\/index.php?rest_route=%2Fwp%2Fv2%2Ftags&post=3079"}],"curies":[{"name":"wp","href":"https:\/\/api.w.org\/{rel}","templated":true}]}}