{"id":3348,"date":"2025-03-27T02:26:52","date_gmt":"2025-03-27T02:26:52","guid":{"rendered":"https:\/\/nieuwe-nederlander.nl\/?p=3348"},"modified":"2025-03-27T02:26:52","modified_gmt":"2025-03-27T02:26:52","slug":"eenheid-en-tolerantie-stralen-in-amsterdam-interculturele-dialoog-versterkt-met-300-persoons-iftar-op-dam-square","status":"publish","type":"post","link":"https:\/\/nieuwe-nederlander.nl\/?p=3348","title":{"rendered":"Eenheid en Tolerantie Stralen in Amsterdam: Interculturele Dialoog Versterkt met 300-Persoons Iftar op Dam Square"},"content":{"rendered":"<p><strong>Eenheid en Tolerantie Stralen in Amsterdam: Interculturele Dialoog Versterkt met 300-Persoons Iftar op Dam Square<\/strong><\/p>\n<p><img loading=\"lazy\" decoding=\"async\" class=\"alignnone  wp-image-3371\" src=\"https:\/\/nieuwe-nederlander.nl\/wp-content\/uploads\/2025\/03\/WhatsApp-Image-2025-03-26-at-05.37.45-3-400x329.jpeg\" alt=\"\" width=\"426\" height=\"351\" srcset=\"https:\/\/nieuwe-nederlander.nl\/wp-content\/uploads\/2025\/03\/WhatsApp-Image-2025-03-26-at-05.37.45-3-400x329.jpeg 400w, https:\/\/nieuwe-nederlander.nl\/wp-content\/uploads\/2025\/03\/WhatsApp-Image-2025-03-26-at-05.37.45-3-650x535.jpeg 650w, https:\/\/nieuwe-nederlander.nl\/wp-content\/uploads\/2025\/03\/WhatsApp-Image-2025-03-26-at-05.37.45-3-250x206.jpeg 250w, https:\/\/nieuwe-nederlander.nl\/wp-content\/uploads\/2025\/03\/WhatsApp-Image-2025-03-26-at-05.37.45-3-768x632.jpeg 768w, https:\/\/nieuwe-nederlander.nl\/wp-content\/uploads\/2025\/03\/WhatsApp-Image-2025-03-26-at-05.37.45-3-150x124.jpeg 150w, https:\/\/nieuwe-nederlander.nl\/wp-content\/uploads\/2025\/03\/WhatsApp-Image-2025-03-26-at-05.37.45-3-800x659.jpeg 800w, https:\/\/nieuwe-nederlander.nl\/wp-content\/uploads\/2025\/03\/WhatsApp-Image-2025-03-26-at-05.37.45-3.jpeg 1195w\" sizes=\"auto, (max-width: 426px) 100vw, 426px\" \/><\/p>\n<p>Basri Do\u011fan | Amsterdam<\/p>\n<p>Dam Square, een van de historische en iconische locaties van Amsterdam, was dit jaar het toneel van een groot iftar-evenement met de deelname van 300 mensen.<\/p>\n<p><img loading=\"lazy\" decoding=\"async\" class=\"alignnone size-medium wp-image-3363\" src=\"https:\/\/nieuwe-nederlander.nl\/wp-content\/uploads\/2025\/03\/WhatsApp-Image-2025-03-26-at-05.37.44-1-400x225.jpeg\" alt=\"\" width=\"300\" height=\"169\" srcset=\"https:\/\/nieuwe-nederlander.nl\/wp-content\/uploads\/2025\/03\/WhatsApp-Image-2025-03-26-at-05.37.44-1-400x225.jpeg 400w, https:\/\/nieuwe-nederlander.nl\/wp-content\/uploads\/2025\/03\/WhatsApp-Image-2025-03-26-at-05.37.44-1-650x366.jpeg 650w, https:\/\/nieuwe-nederlander.nl\/wp-content\/uploads\/2025\/03\/WhatsApp-Image-2025-03-26-at-05.37.44-1-250x141.jpeg 250w, https:\/\/nieuwe-nederlander.nl\/wp-content\/uploads\/2025\/03\/WhatsApp-Image-2025-03-26-at-05.37.44-1-768x432.jpeg 768w, https:\/\/nieuwe-nederlander.nl\/wp-content\/uploads\/2025\/03\/WhatsApp-Image-2025-03-26-at-05.37.44-1-1536x864.jpeg 1536w, https:\/\/nieuwe-nederlander.nl\/wp-content\/uploads\/2025\/03\/WhatsApp-Image-2025-03-26-at-05.37.44-1-150x84.jpeg 150w, https:\/\/nieuwe-nederlander.nl\/wp-content\/uploads\/2025\/03\/WhatsApp-Image-2025-03-26-at-05.37.44-1-800x450.jpeg 800w, https:\/\/nieuwe-nederlander.nl\/wp-content\/uploads\/2025\/03\/WhatsApp-Image-2025-03-26-at-05.37.44-1-1200x675.jpeg 1200w, https:\/\/nieuwe-nederlander.nl\/wp-content\/uploads\/2025\/03\/WhatsApp-Image-2025-03-26-at-05.37.44-1.jpeg 1600w\" sizes=\"auto, (max-width: 300px) 100vw, 300px\" \/><\/p>\n<p>Georganiseerd door Stichting Burgerhart Amsterdam en in samenwerking met de Gemeente Amsterdam als onderdeel van het project \u201cKunst van het Samenleven\u201d, bracht dit betekenisvolle evenement mensen van verschillende geloven en culturen samen, met boodschappen van sociale solidariteit en tolerantie. Het evenement heeft in belangrijke mate bijgedragen aan het versterken van interculturele dialoog en begrip.<\/p>\n<p><img loading=\"lazy\" decoding=\"async\" class=\"alignnone size-medium wp-image-3359\" src=\"https:\/\/nieuwe-nederlander.nl\/wp-content\/uploads\/2025\/03\/WhatsApp-Image-2025-03-26-at-05.37.43-2-400x225.jpeg\" alt=\"\" width=\"300\" height=\"169\" srcset=\"https:\/\/nieuwe-nederlander.nl\/wp-content\/uploads\/2025\/03\/WhatsApp-Image-2025-03-26-at-05.37.43-2-400x225.jpeg 400w, https:\/\/nieuwe-nederlander.nl\/wp-content\/uploads\/2025\/03\/WhatsApp-Image-2025-03-26-at-05.37.43-2-650x366.jpeg 650w, https:\/\/nieuwe-nederlander.nl\/wp-content\/uploads\/2025\/03\/WhatsApp-Image-2025-03-26-at-05.37.43-2-250x141.jpeg 250w, https:\/\/nieuwe-nederlander.nl\/wp-content\/uploads\/2025\/03\/WhatsApp-Image-2025-03-26-at-05.37.43-2-768x432.jpeg 768w, https:\/\/nieuwe-nederlander.nl\/wp-content\/uploads\/2025\/03\/WhatsApp-Image-2025-03-26-at-05.37.43-2-1536x864.jpeg 1536w, https:\/\/nieuwe-nederlander.nl\/wp-content\/uploads\/2025\/03\/WhatsApp-Image-2025-03-26-at-05.37.43-2-150x84.jpeg 150w, https:\/\/nieuwe-nederlander.nl\/wp-content\/uploads\/2025\/03\/WhatsApp-Image-2025-03-26-at-05.37.43-2-800x450.jpeg 800w, https:\/\/nieuwe-nederlander.nl\/wp-content\/uploads\/2025\/03\/WhatsApp-Image-2025-03-26-at-05.37.43-2-1200x675.jpeg 1200w, https:\/\/nieuwe-nederlander.nl\/wp-content\/uploads\/2025\/03\/WhatsApp-Image-2025-03-26-at-05.37.43-2.jpeg 1600w\" sizes=\"auto, (max-width: 300px) 100vw, 300px\" \/><\/p>\n<p>Betekenisvolle Toespraken die de Deuren van de Iftar Openen<\/p>\n<p>Het evenement begon met de openingstoespraak van \u00c7a\u011flanur \u00d6zt\u00fcrk, een vrijwilliger van Stichting Burgerhart Amsterdam. In haar toespraak benadrukte \u00d6zt\u00fcrk dat de maand Ramadan niet alleen gaat over vasten, maar ook over solidariteit, empathie en delen, en het belang van samenleven.<\/p>\n<p>Daarna informeerde Dr. Emir Erta\u015f de deelnemers over de fysieke en spirituele voordelen van vasten tijdens de Ramadan.<\/p>\n<p>Om het spirituele aspect van vasten aan te pakken, kwamen Pastor Eug\u00e8ne Brussee en vredesactivist Susanne Brussee op het podium, waar ze het begrip vasten in het christendom en de islam uitlegden en het belang van respect en begrip tussen verschillende geloven benadrukten.<\/p>\n<p>Albert Ringer, de rabbi van de Rotterdamse Liberale Joodse Gemeente, wees erop dat sociale harmonie alleen kan worden bereikt door interreligieuze dialoog.<\/p>\n<p><img loading=\"lazy\" decoding=\"async\" class=\"alignnone size-medium wp-image-3349\" src=\"https:\/\/nieuwe-nederlander.nl\/wp-content\/uploads\/2025\/03\/WhatsApp-Image-2025-03-26-at-05.37.41-1-400x225.jpeg\" alt=\"\" width=\"300\" height=\"169\" srcset=\"https:\/\/nieuwe-nederlander.nl\/wp-content\/uploads\/2025\/03\/WhatsApp-Image-2025-03-26-at-05.37.41-1-400x225.jpeg 400w, https:\/\/nieuwe-nederlander.nl\/wp-content\/uploads\/2025\/03\/WhatsApp-Image-2025-03-26-at-05.37.41-1-650x366.jpeg 650w, https:\/\/nieuwe-nederlander.nl\/wp-content\/uploads\/2025\/03\/WhatsApp-Image-2025-03-26-at-05.37.41-1-250x141.jpeg 250w, https:\/\/nieuwe-nederlander.nl\/wp-content\/uploads\/2025\/03\/WhatsApp-Image-2025-03-26-at-05.37.41-1-768x432.jpeg 768w, https:\/\/nieuwe-nederlander.nl\/wp-content\/uploads\/2025\/03\/WhatsApp-Image-2025-03-26-at-05.37.41-1-1536x864.jpeg 1536w, https:\/\/nieuwe-nederlander.nl\/wp-content\/uploads\/2025\/03\/WhatsApp-Image-2025-03-26-at-05.37.41-1-150x84.jpeg 150w, https:\/\/nieuwe-nederlander.nl\/wp-content\/uploads\/2025\/03\/WhatsApp-Image-2025-03-26-at-05.37.41-1-800x450.jpeg 800w, https:\/\/nieuwe-nederlander.nl\/wp-content\/uploads\/2025\/03\/WhatsApp-Image-2025-03-26-at-05.37.41-1-1200x675.jpeg 1200w, https:\/\/nieuwe-nederlander.nl\/wp-content\/uploads\/2025\/03\/WhatsApp-Image-2025-03-26-at-05.37.41-1-1600x900.jpeg 1600w, https:\/\/nieuwe-nederlander.nl\/wp-content\/uploads\/2025\/03\/WhatsApp-Image-2025-03-26-at-05.37.41-1-2000x1125.jpeg 2000w, https:\/\/nieuwe-nederlander.nl\/wp-content\/uploads\/2025\/03\/WhatsApp-Image-2025-03-26-at-05.37.41-1.jpeg 2048w\" sizes=\"auto, (max-width: 300px) 100vw, 300px\" \/> <img loading=\"lazy\" decoding=\"async\" class=\"alignnone  wp-image-3370\" src=\"https:\/\/nieuwe-nederlander.nl\/wp-content\/uploads\/2025\/03\/WhatsApp-Image-2025-03-26-at-05.37.45-2-400x242.jpeg\" alt=\"\" width=\"277\" height=\"168\" srcset=\"https:\/\/nieuwe-nederlander.nl\/wp-content\/uploads\/2025\/03\/WhatsApp-Image-2025-03-26-at-05.37.45-2-400x242.jpeg 400w, https:\/\/nieuwe-nederlander.nl\/wp-content\/uploads\/2025\/03\/WhatsApp-Image-2025-03-26-at-05.37.45-2-650x393.jpeg 650w, https:\/\/nieuwe-nederlander.nl\/wp-content\/uploads\/2025\/03\/WhatsApp-Image-2025-03-26-at-05.37.45-2-250x151.jpeg 250w, https:\/\/nieuwe-nederlander.nl\/wp-content\/uploads\/2025\/03\/WhatsApp-Image-2025-03-26-at-05.37.45-2-768x464.jpeg 768w, https:\/\/nieuwe-nederlander.nl\/wp-content\/uploads\/2025\/03\/WhatsApp-Image-2025-03-26-at-05.37.45-2-1536x928.jpeg 1536w, https:\/\/nieuwe-nederlander.nl\/wp-content\/uploads\/2025\/03\/WhatsApp-Image-2025-03-26-at-05.37.45-2-150x91.jpeg 150w, https:\/\/nieuwe-nederlander.nl\/wp-content\/uploads\/2025\/03\/WhatsApp-Image-2025-03-26-at-05.37.45-2-800x484.jpeg 800w, https:\/\/nieuwe-nederlander.nl\/wp-content\/uploads\/2025\/03\/WhatsApp-Image-2025-03-26-at-05.37.45-2-1200x725.jpeg 1200w, https:\/\/nieuwe-nederlander.nl\/wp-content\/uploads\/2025\/03\/WhatsApp-Image-2025-03-26-at-05.37.45-2.jpeg 1600w\" sizes=\"auto, (max-width: 277px) 100vw, 277px\" \/> <img loading=\"lazy\" decoding=\"async\" class=\"alignnone  wp-image-3377\" src=\"https:\/\/nieuwe-nederlander.nl\/wp-content\/uploads\/2025\/03\/WhatsApp-Image-2025-03-26-at-05.37.46-400x259.jpeg\" alt=\"\" width=\"258\" height=\"167\" srcset=\"https:\/\/nieuwe-nederlander.nl\/wp-content\/uploads\/2025\/03\/WhatsApp-Image-2025-03-26-at-05.37.46-400x259.jpeg 400w, https:\/\/nieuwe-nederlander.nl\/wp-content\/uploads\/2025\/03\/WhatsApp-Image-2025-03-26-at-05.37.46-650x421.jpeg 650w, https:\/\/nieuwe-nederlander.nl\/wp-content\/uploads\/2025\/03\/WhatsApp-Image-2025-03-26-at-05.37.46-250x162.jpeg 250w, https:\/\/nieuwe-nederlander.nl\/wp-content\/uploads\/2025\/03\/WhatsApp-Image-2025-03-26-at-05.37.46-768x498.jpeg 768w, https:\/\/nieuwe-nederlander.nl\/wp-content\/uploads\/2025\/03\/WhatsApp-Image-2025-03-26-at-05.37.46-1536x996.jpeg 1536w, https:\/\/nieuwe-nederlander.nl\/wp-content\/uploads\/2025\/03\/WhatsApp-Image-2025-03-26-at-05.37.46-150x97.jpeg 150w, https:\/\/nieuwe-nederlander.nl\/wp-content\/uploads\/2025\/03\/WhatsApp-Image-2025-03-26-at-05.37.46-800x519.jpeg 800w, https:\/\/nieuwe-nederlander.nl\/wp-content\/uploads\/2025\/03\/WhatsApp-Image-2025-03-26-at-05.37.46-1200x778.jpeg 1200w, https:\/\/nieuwe-nederlander.nl\/wp-content\/uploads\/2025\/03\/WhatsApp-Image-2025-03-26-at-05.37.46.jpeg 1600w\" sizes=\"auto, (max-width: 258px) 100vw, 258px\" \/><\/p>\n<p style=\"text-align: center;\"><img loading=\"lazy\" decoding=\"async\" class=\"alignnone size-medium wp-image-3351\" src=\"https:\/\/nieuwe-nederlander.nl\/wp-content\/uploads\/2025\/03\/WhatsApp-Image-2025-03-26-at-05.37.41-3-400x225.jpeg\" alt=\"\" width=\"300\" height=\"169\" srcset=\"https:\/\/nieuwe-nederlander.nl\/wp-content\/uploads\/2025\/03\/WhatsApp-Image-2025-03-26-at-05.37.41-3-400x225.jpeg 400w, https:\/\/nieuwe-nederlander.nl\/wp-content\/uploads\/2025\/03\/WhatsApp-Image-2025-03-26-at-05.37.41-3-650x366.jpeg 650w, https:\/\/nieuwe-nederlander.nl\/wp-content\/uploads\/2025\/03\/WhatsApp-Image-2025-03-26-at-05.37.41-3-250x141.jpeg 250w, https:\/\/nieuwe-nederlander.nl\/wp-content\/uploads\/2025\/03\/WhatsApp-Image-2025-03-26-at-05.37.41-3-768x432.jpeg 768w, https:\/\/nieuwe-nederlander.nl\/wp-content\/uploads\/2025\/03\/WhatsApp-Image-2025-03-26-at-05.37.41-3-1536x864.jpeg 1536w, https:\/\/nieuwe-nederlander.nl\/wp-content\/uploads\/2025\/03\/WhatsApp-Image-2025-03-26-at-05.37.41-3-150x84.jpeg 150w, https:\/\/nieuwe-nederlander.nl\/wp-content\/uploads\/2025\/03\/WhatsApp-Image-2025-03-26-at-05.37.41-3-800x450.jpeg 800w, https:\/\/nieuwe-nederlander.nl\/wp-content\/uploads\/2025\/03\/WhatsApp-Image-2025-03-26-at-05.37.41-3-1200x675.jpeg 1200w, https:\/\/nieuwe-nederlander.nl\/wp-content\/uploads\/2025\/03\/WhatsApp-Image-2025-03-26-at-05.37.41-3-1600x900.jpeg 1600w, https:\/\/nieuwe-nederlander.nl\/wp-content\/uploads\/2025\/03\/WhatsApp-Image-2025-03-26-at-05.37.41-3-2000x1125.jpeg 2000w, https:\/\/nieuwe-nederlander.nl\/wp-content\/uploads\/2025\/03\/WhatsApp-Image-2025-03-26-at-05.37.41-3.jpeg 2048w\" sizes=\"auto, (max-width: 300px) 100vw, 300px\" \/> <img loading=\"lazy\" decoding=\"async\" class=\"alignnone size-medium wp-image-3366\" src=\"https:\/\/nieuwe-nederlander.nl\/wp-content\/uploads\/2025\/03\/WhatsApp-Image-2025-03-26-at-05.37.44-4-400x225.jpeg\" alt=\"\" width=\"300\" height=\"169\" srcset=\"https:\/\/nieuwe-nederlander.nl\/wp-content\/uploads\/2025\/03\/WhatsApp-Image-2025-03-26-at-05.37.44-4-400x225.jpeg 400w, https:\/\/nieuwe-nederlander.nl\/wp-content\/uploads\/2025\/03\/WhatsApp-Image-2025-03-26-at-05.37.44-4-650x366.jpeg 650w, https:\/\/nieuwe-nederlander.nl\/wp-content\/uploads\/2025\/03\/WhatsApp-Image-2025-03-26-at-05.37.44-4-250x141.jpeg 250w, https:\/\/nieuwe-nederlander.nl\/wp-content\/uploads\/2025\/03\/WhatsApp-Image-2025-03-26-at-05.37.44-4-768x432.jpeg 768w, https:\/\/nieuwe-nederlander.nl\/wp-content\/uploads\/2025\/03\/WhatsApp-Image-2025-03-26-at-05.37.44-4-1536x864.jpeg 1536w, https:\/\/nieuwe-nederlander.nl\/wp-content\/uploads\/2025\/03\/WhatsApp-Image-2025-03-26-at-05.37.44-4-150x84.jpeg 150w, https:\/\/nieuwe-nederlander.nl\/wp-content\/uploads\/2025\/03\/WhatsApp-Image-2025-03-26-at-05.37.44-4-800x450.jpeg 800w, https:\/\/nieuwe-nederlander.nl\/wp-content\/uploads\/2025\/03\/WhatsApp-Image-2025-03-26-at-05.37.44-4-1200x675.jpeg 1200w, https:\/\/nieuwe-nederlander.nl\/wp-content\/uploads\/2025\/03\/WhatsApp-Image-2025-03-26-at-05.37.44-4.jpeg 1600w\" sizes=\"auto, (max-width: 300px) 100vw, 300px\" \/><\/p>\n<p>Inspirerende Performance van Nilg\u00fcn Yerli<\/p>\n<p>Een van de hoogtepunten van de avond was de performance van de beroemde komiek en auteur Nilg\u00fcn Yerli, die het publiek vermaakte met een grappige show. Yerli legde op humoristische wijze uit dat de Ramadan niet alleen gaat over vasten, maar ook een speciale tijd is die solidariteit, empathie en het gevoel van delen bevordert. Haar optreden werd met grote belangstelling ontvangen door de deelnemers en droeg bij aan de diepgang van de avond.<\/p>\n<p><img loading=\"lazy\" decoding=\"async\" class=\"alignnone size-medium wp-image-3365\" src=\"https:\/\/nieuwe-nederlander.nl\/wp-content\/uploads\/2025\/03\/WhatsApp-Image-2025-03-26-at-05.37.44-3-400x364.jpeg\" alt=\"\" width=\"300\" height=\"273\" srcset=\"https:\/\/nieuwe-nederlander.nl\/wp-content\/uploads\/2025\/03\/WhatsApp-Image-2025-03-26-at-05.37.44-3-400x364.jpeg 400w, https:\/\/nieuwe-nederlander.nl\/wp-content\/uploads\/2025\/03\/WhatsApp-Image-2025-03-26-at-05.37.44-3-650x591.jpeg 650w, https:\/\/nieuwe-nederlander.nl\/wp-content\/uploads\/2025\/03\/WhatsApp-Image-2025-03-26-at-05.37.44-3-250x227.jpeg 250w, https:\/\/nieuwe-nederlander.nl\/wp-content\/uploads\/2025\/03\/WhatsApp-Image-2025-03-26-at-05.37.44-3-768x698.jpeg 768w, https:\/\/nieuwe-nederlander.nl\/wp-content\/uploads\/2025\/03\/WhatsApp-Image-2025-03-26-at-05.37.44-3-1536x1397.jpeg 1536w, https:\/\/nieuwe-nederlander.nl\/wp-content\/uploads\/2025\/03\/WhatsApp-Image-2025-03-26-at-05.37.44-3-150x136.jpeg 150w, https:\/\/nieuwe-nederlander.nl\/wp-content\/uploads\/2025\/03\/WhatsApp-Image-2025-03-26-at-05.37.44-3-800x728.jpeg 800w, https:\/\/nieuwe-nederlander.nl\/wp-content\/uploads\/2025\/03\/WhatsApp-Image-2025-03-26-at-05.37.44-3-1200x1091.jpeg 1200w, https:\/\/nieuwe-nederlander.nl\/wp-content\/uploads\/2025\/03\/WhatsApp-Image-2025-03-26-at-05.37.44-3.jpeg 1600w\" sizes=\"auto, (max-width: 300px) 100vw, 300px\" \/><\/p>\n<p>Iftar Tafel, Gebedsklank en Ney Optreden voor Spirituele Rust<\/p>\n<p>Om het evenement voort te zetten in een spirituele sfeer, kondigde ney-artiest Sinan D\u00fczg\u00fcn het gebed aan. Na het gebed brak men het vasten en de deelnemers deelden hun maaltijden aan de tafels in de tent. Gedurende deze tijd werden gesprekken gevoerd rond de vraag: \u201cWat was de mooiste of meest onverwachte ontmoeting in je leven?\u201d Deze gesprekken cre\u00eberden een sfeer die het gevoel van samenhorigheid versterkte en de deelnemers verschillende perspectieven gaf. Na de iftar voegde Sinan D\u00fczg\u00fcn\u2019s ney-optreden een mystieke sfeer toe aan de avond, en de deelnemers voltooiden hun iftar in een vredige atmosfeer. Het evenement eindigde met gebeden door Alper Alasag en het delen van Ramadan-ervaringen door de aanwezigen.<\/p>\n<p><img loading=\"lazy\" decoding=\"async\" class=\"alignnone size-medium wp-image-3362\" src=\"https:\/\/nieuwe-nederlander.nl\/wp-content\/uploads\/2025\/03\/WhatsApp-Image-2025-03-26-at-05.37.43-400x300.jpeg\" alt=\"\" width=\"300\" height=\"225\" srcset=\"https:\/\/nieuwe-nederlander.nl\/wp-content\/uploads\/2025\/03\/WhatsApp-Image-2025-03-26-at-05.37.43-400x300.jpeg 400w, https:\/\/nieuwe-nederlander.nl\/wp-content\/uploads\/2025\/03\/WhatsApp-Image-2025-03-26-at-05.37.43-650x488.jpeg 650w, https:\/\/nieuwe-nederlander.nl\/wp-content\/uploads\/2025\/03\/WhatsApp-Image-2025-03-26-at-05.37.43-250x188.jpeg 250w, https:\/\/nieuwe-nederlander.nl\/wp-content\/uploads\/2025\/03\/WhatsApp-Image-2025-03-26-at-05.37.43-768x576.jpeg 768w, https:\/\/nieuwe-nederlander.nl\/wp-content\/uploads\/2025\/03\/WhatsApp-Image-2025-03-26-at-05.37.43-1536x1152.jpeg 1536w, https:\/\/nieuwe-nederlander.nl\/wp-content\/uploads\/2025\/03\/WhatsApp-Image-2025-03-26-at-05.37.43-150x113.jpeg 150w, https:\/\/nieuwe-nederlander.nl\/wp-content\/uploads\/2025\/03\/WhatsApp-Image-2025-03-26-at-05.37.43-800x600.jpeg 800w, https:\/\/nieuwe-nederlander.nl\/wp-content\/uploads\/2025\/03\/WhatsApp-Image-2025-03-26-at-05.37.43-1200x900.jpeg 1200w, https:\/\/nieuwe-nederlander.nl\/wp-content\/uploads\/2025\/03\/WhatsApp-Image-2025-03-26-at-05.37.43-1600x1200.jpeg 1600w, https:\/\/nieuwe-nederlander.nl\/wp-content\/uploads\/2025\/03\/WhatsApp-Image-2025-03-26-at-05.37.43-2000x1500.jpeg 2000w, https:\/\/nieuwe-nederlander.nl\/wp-content\/uploads\/2025\/03\/WhatsApp-Image-2025-03-26-at-05.37.43.jpeg 2048w\" sizes=\"auto, (max-width: 300px) 100vw, 300px\" \/><\/p>\n<p>Bijdragen aan de Kunst van het Samenleven: Boodschappen van Amsterdamse Wethouders en Politieke Leiders<\/p>\n<p>De Amsterdamse wethouder Lotte Terwel verklaarde in haar toespraak tijdens het evenement dat Amsterdam interculturele dialoog heeft versterkt door mensen van verschillende geloven samen te brengen. Terwel zei: \u201cHet is geweldig om 300 mensen hier samen te zien in het hart van Dam Square, die gezamenlijk hun vasten breken. Laten we even stilstaan bij onderwerpen zoals gezondheid, familie, vriendschap, liefde, vrede en vrijheid. We moeten dankbaar zijn voor wat we hebben. En ons realiseren dat deze dingen niet vanzelfsprekend zijn. Het is gemakkelijk om ons te concentreren op ons eigen gezin en omgeving. Maar wanneer je de krant opent, het nieuws bekijkt of beelden van oorlog op sociale media tegenkomt, wordt het vaak moeilijk en pijnlijk om dit te accepteren. Daarom is het belangrijker dan ooit om naar elkaar te kijken, interesse in elkaar te tonen en dit in onze eigen stad te starten. Daarom vinden we het werk van Stichting Burgerhart, die wederzijds respect en begrip tussen mensen bevordert, van grote waarde. Uw aanwezigheid hier vanavond is een bewijs dat u een motto tot leven brengt dat mensen van verschillende achtergronden, culturen en geloven samenbrengt. Een maaltijd blijft een geweldig middel om mensen samen te brengen en hen meer over elkaar te leren. Helaas komen racisme, uitsluiting en vooroordelen tegenwoordig vaker voor. We zien ze op online platformen, in het parlement en soms zelfs op voetbalvelden of op straat. Maar Amsterdam is geen stad die deze kwesties vertegenwoordigt. Integendeel, Amsterdam is een stad die is gevormd door immigranten gemeenschappen die hier door de eeuwen heen zijn gekomen en hun leven hebben opgebouwd. De religieuze diversiteit in deze stad is altijd belangrijk geweest. Afgelopen zaterdag kwamen hier in Dam Square ongeveer 15.000 mensen samen om met de slogan \u2018Niet in mijn Stad\u2019 een standpunt in te nemen tegen racisme en discriminatie. Wij accepteren geen racisme en fascisme. Wij zijn een stad die solidariteit ondersteunt. Wij willen een stad waar we samen kunnen zijn, elkaar kunnen leren kennen en waar niemand een ander beoordeelt op basis van zijn verleden, religie of een andere reden. Daarom is voor mij de betekenis van vanavond het samenbrengen van verbinding en solidariteit. En hoe iedereen dit in zijn eigen leven toepast, is volledig aan hen. Laten we moedig zijn. Laten we in solidariteit staan en onze stem verheffen tegen onrecht. Laten we vriendelijk zijn en anderen met een open geest benaderen. Uw aanwezigheid hier op de Burgerhart Amsterdam en Kunst van het Samenleven Dam Square Iftar laat zien dat veel mensen in Amsterdam hetzelfde willen. Ik wens iedereen een mooie iftar, inspirerende gesprekken en een gezegende Ramadan. Ik dank alle vrijwilligers en medewerkers van de stichting,\u201d zei ze.<\/p>\n<p><img loading=\"lazy\" decoding=\"async\" class=\"alignnone  wp-image-3372\" src=\"https:\/\/nieuwe-nederlander.nl\/wp-content\/uploads\/2025\/03\/WhatsApp-Image-2025-03-26-at-05.37.45-4-400x313.jpeg\" alt=\"\" width=\"382\" height=\"299\" srcset=\"https:\/\/nieuwe-nederlander.nl\/wp-content\/uploads\/2025\/03\/WhatsApp-Image-2025-03-26-at-05.37.45-4-400x313.jpeg 400w, https:\/\/nieuwe-nederlander.nl\/wp-content\/uploads\/2025\/03\/WhatsApp-Image-2025-03-26-at-05.37.45-4-650x508.jpeg 650w, https:\/\/nieuwe-nederlander.nl\/wp-content\/uploads\/2025\/03\/WhatsApp-Image-2025-03-26-at-05.37.45-4-250x195.jpeg 250w, https:\/\/nieuwe-nederlander.nl\/wp-content\/uploads\/2025\/03\/WhatsApp-Image-2025-03-26-at-05.37.45-4-768x600.jpeg 768w, https:\/\/nieuwe-nederlander.nl\/wp-content\/uploads\/2025\/03\/WhatsApp-Image-2025-03-26-at-05.37.45-4-1536x1200.jpeg 1536w, https:\/\/nieuwe-nederlander.nl\/wp-content\/uploads\/2025\/03\/WhatsApp-Image-2025-03-26-at-05.37.45-4-150x117.jpeg 150w, https:\/\/nieuwe-nederlander.nl\/wp-content\/uploads\/2025\/03\/WhatsApp-Image-2025-03-26-at-05.37.45-4-800x625.jpeg 800w, https:\/\/nieuwe-nederlander.nl\/wp-content\/uploads\/2025\/03\/WhatsApp-Image-2025-03-26-at-05.37.45-4-1200x938.jpeg 1200w, https:\/\/nieuwe-nederlander.nl\/wp-content\/uploads\/2025\/03\/WhatsApp-Image-2025-03-26-at-05.37.45-4.jpeg 1600w\" sizes=\"auto, (max-width: 382px) 100vw, 382px\" \/> <img loading=\"lazy\" decoding=\"async\" class=\"alignnone size-medium wp-image-3352\" src=\"https:\/\/nieuwe-nederlander.nl\/wp-content\/uploads\/2025\/03\/WhatsApp-Image-2025-03-26-at-05.37.41-400x406.jpeg\" alt=\"\" width=\"296\" height=\"300\" srcset=\"https:\/\/nieuwe-nederlander.nl\/wp-content\/uploads\/2025\/03\/WhatsApp-Image-2025-03-26-at-05.37.41-400x406.jpeg 400w, https:\/\/nieuwe-nederlander.nl\/wp-content\/uploads\/2025\/03\/WhatsApp-Image-2025-03-26-at-05.37.41-650x660.jpeg 650w, https:\/\/nieuwe-nederlander.nl\/wp-content\/uploads\/2025\/03\/WhatsApp-Image-2025-03-26-at-05.37.41-250x254.jpeg 250w, https:\/\/nieuwe-nederlander.nl\/wp-content\/uploads\/2025\/03\/WhatsApp-Image-2025-03-26-at-05.37.41-768x779.jpeg 768w, https:\/\/nieuwe-nederlander.nl\/wp-content\/uploads\/2025\/03\/WhatsApp-Image-2025-03-26-at-05.37.41-1514x1536.jpeg 1514w, https:\/\/nieuwe-nederlander.nl\/wp-content\/uploads\/2025\/03\/WhatsApp-Image-2025-03-26-at-05.37.41-150x152.jpeg 150w, https:\/\/nieuwe-nederlander.nl\/wp-content\/uploads\/2025\/03\/WhatsApp-Image-2025-03-26-at-05.37.41-800x812.jpeg 800w, https:\/\/nieuwe-nederlander.nl\/wp-content\/uploads\/2025\/03\/WhatsApp-Image-2025-03-26-at-05.37.41-1200x1218.jpeg 1200w, https:\/\/nieuwe-nederlander.nl\/wp-content\/uploads\/2025\/03\/WhatsApp-Image-2025-03-26-at-05.37.41-1600x1624.jpeg 1600w, https:\/\/nieuwe-nederlander.nl\/wp-content\/uploads\/2025\/03\/WhatsApp-Image-2025-03-26-at-05.37.41-2000x2030.jpeg 2000w, https:\/\/nieuwe-nederlander.nl\/wp-content\/uploads\/2025\/03\/WhatsApp-Image-2025-03-26-at-05.37.41.jpeg 2018w\" sizes=\"auto, (max-width: 296px) 100vw, 296px\" \/><\/p>\n<p>De wethouder van Amsterdam West, Thomas Hermans, sprak zijn tevredenheid uit over zijn eerste deelname aan een iftar-evenement en zei: \u201cDit soort evenementen toont aan dat mensen van verschillende culturen en geloven samen kunnen zijn en we de sociale banden kunnen versterken. De berichten over de kunst van het samenleven inspireren ons allemaal.\u201d<\/p>\n<p>Een Sterke Visie voor Sociale Solidariteit en de Toekomst<\/p>\n<p>Rogier Havelaar, de CDA-fractievoorzitter van de Gemeente Amsterdam, benadrukte het belang van het voortzetten van dergelijke evenementen en zei: \u201cEvenementen zoals dit zijn van onschatbare waarde om gemeenschappen samen te laten leven. Samenleven in tolerantie is alleen mogelijk door elkaar te begrijpen en verschillen te accepteren.\u201d<\/p>\n<p>Kunst van het Samenleven Co\u00f6rdinator Bora \u00d6zdemir benadrukte ook dat dit evenement niet slechts een iftar-programma was, maar een belangrijke poging om de sociale cohesie te versterken. \u00d6zdemir zei: \u201cDe evenementen die we organiseren als onderdeel van de Kunst van het Samenleven zullen niet beperkt blijven tot alleen iftar. We zullen ook evenementen organiseren zoals een Internationale Dag van het Samenleven en Buurbezoeken,\u201d zei hij.<\/p>\n<p><img loading=\"lazy\" decoding=\"async\" class=\"alignnone size-medium wp-image-3374\" src=\"https:\/\/nieuwe-nederlander.nl\/wp-content\/uploads\/2025\/03\/WhatsApp-Image-2025-03-26-at-05.37.46-1-400x248.jpeg\" alt=\"\" width=\"300\" height=\"186\" srcset=\"https:\/\/nieuwe-nederlander.nl\/wp-content\/uploads\/2025\/03\/WhatsApp-Image-2025-03-26-at-05.37.46-1-400x248.jpeg 400w, https:\/\/nieuwe-nederlander.nl\/wp-content\/uploads\/2025\/03\/WhatsApp-Image-2025-03-26-at-05.37.46-1-650x403.jpeg 650w, https:\/\/nieuwe-nederlander.nl\/wp-content\/uploads\/2025\/03\/WhatsApp-Image-2025-03-26-at-05.37.46-1-250x155.jpeg 250w, https:\/\/nieuwe-nederlander.nl\/wp-content\/uploads\/2025\/03\/WhatsApp-Image-2025-03-26-at-05.37.46-1-768x476.jpeg 768w, https:\/\/nieuwe-nederlander.nl\/wp-content\/uploads\/2025\/03\/WhatsApp-Image-2025-03-26-at-05.37.46-1-1536x951.jpeg 1536w, https:\/\/nieuwe-nederlander.nl\/wp-content\/uploads\/2025\/03\/WhatsApp-Image-2025-03-26-at-05.37.46-1-150x93.jpeg 150w, https:\/\/nieuwe-nederlander.nl\/wp-content\/uploads\/2025\/03\/WhatsApp-Image-2025-03-26-at-05.37.46-1-800x496.jpeg 800w, https:\/\/nieuwe-nederlander.nl\/wp-content\/uploads\/2025\/03\/WhatsApp-Image-2025-03-26-at-05.37.46-1-1200x743.jpeg 1200w, https:\/\/nieuwe-nederlander.nl\/wp-content\/uploads\/2025\/03\/WhatsApp-Image-2025-03-26-at-05.37.46-1.jpeg 1600w\" sizes=\"auto, (max-width: 300px) 100vw, 300px\" \/><\/p>\n<p>Betekenisvolle Geschenken en Herinneringen voor Deelnemers<\/p>\n<p>Aan het einde van het programma werden de sprekers bloemenboeketten en chocolade aangeboden, terwijl de 300 deelnemers aan de iftar-tent Ramadan-geschenk-pakketten ontvingen, voorbereid door de stichting. De deelnemers gaven aan dat het evenement niet beperkt moest blijven tot slechts \u00e9\u00e9n avond en dat soortgelijke bijeenkomsten in de toekomst voortgezet moesten worden. Degenen die het evenement bijwoonden, merkten op dat zo\u2019n organisatie in Dam Square, in het hart van Amsterdam, enorm heeft bijgedragen aan interculturele dialoog en tolerantie, en keerden tevreden naar huis.<\/p>\n<p>Hoopvolle Stappen voor de Toekomst<\/p>\n<p>De directeuren van de stichting beloofden elk jaar nieuwe mijlpalen te bereiken en gaven aan dat soortgelijke evenementen ook in verschillende delen van Amsterdam zullen plaatsvinden. Ze benadrukten dat toekomstige evenementen meer omvattend zullen zijn in het versterken van de kunst van het samenleven en het bevorderen van solidariteit tussen gemeenschappen. Het evenement werd een symbool van de wens van de bewoners van Amsterdam om samen in vrede te leven, en de deelnemers herhaalden hun overtuiging dat dergelijke bijeenkomsten de samenleving sterker zouden maken.<\/p>\n<p><img loading=\"lazy\" decoding=\"async\" class=\"alignnone size-medium wp-image-3378\" src=\"https:\/\/nieuwe-nederlander.nl\/wp-content\/uploads\/2025\/03\/WhatsApp-Image-2025-03-26-at-05.37.47-400x219.jpeg\" alt=\"\" width=\"300\" height=\"164\" srcset=\"https:\/\/nieuwe-nederlander.nl\/wp-content\/uploads\/2025\/03\/WhatsApp-Image-2025-03-26-at-05.37.47-400x219.jpeg 400w, https:\/\/nieuwe-nederlander.nl\/wp-content\/uploads\/2025\/03\/WhatsApp-Image-2025-03-26-at-05.37.47-650x355.jpeg 650w, https:\/\/nieuwe-nederlander.nl\/wp-content\/uploads\/2025\/03\/WhatsApp-Image-2025-03-26-at-05.37.47-250x137.jpeg 250w, https:\/\/nieuwe-nederlander.nl\/wp-content\/uploads\/2025\/03\/WhatsApp-Image-2025-03-26-at-05.37.47-768x420.jpeg 768w, https:\/\/nieuwe-nederlander.nl\/wp-content\/uploads\/2025\/03\/WhatsApp-Image-2025-03-26-at-05.37.47-1536x839.jpeg 1536w, https:\/\/nieuwe-nederlander.nl\/wp-content\/uploads\/2025\/03\/WhatsApp-Image-2025-03-26-at-05.37.47-150x82.jpeg 150w, https:\/\/nieuwe-nederlander.nl\/wp-content\/uploads\/2025\/03\/WhatsApp-Image-2025-03-26-at-05.37.47-800x437.jpeg 800w, https:\/\/nieuwe-nederlander.nl\/wp-content\/uploads\/2025\/03\/WhatsApp-Image-2025-03-26-at-05.37.47-1200x656.jpeg 1200w, https:\/\/nieuwe-nederlander.nl\/wp-content\/uploads\/2025\/03\/WhatsApp-Image-2025-03-26-at-05.37.47.jpeg 1600w\" sizes=\"auto, (max-width: 300px) 100vw, 300px\" \/><\/p>\n","protected":false},"excerpt":{"rendered":"<p>Eenheid en Tolerantie Stralen in Amsterdam: Interculturele Dialoog Versterkt met 300-Persoons Iftar op Dam Square Basri Do\u011fan | Amsterdam Dam Square, een van de historische en iconische locaties van Amsterdam, was dit jaar het toneel van een groot iftar-evenement met de deelname van 300 mensen. Georganiseerd door Stichting Burgerhart Amsterdam en in samenwerking met de [&hellip;]<\/p>\n","protected":false},"author":2,"featured_media":0,"comment_status":"open","ping_status":"open","sticky":false,"template":"","format":"standard","meta":{"footnotes":""},"categories":[278],"tags":[],"class_list":["post-3348","post","type-post","status-publish","format-standard","hentry","category-binnenland"],"_links":{"self":[{"href":"https:\/\/nieuwe-nederlander.nl\/index.php?rest_route=\/wp\/v2\/posts\/3348","targetHints":{"allow":["GET"]}}],"collection":[{"href":"https:\/\/nieuwe-nederlander.nl\/index.php?rest_route=\/wp\/v2\/posts"}],"about":[{"href":"https:\/\/nieuwe-nederlander.nl\/index.php?rest_route=\/wp\/v2\/types\/post"}],"author":[{"embeddable":true,"href":"https:\/\/nieuwe-nederlander.nl\/index.php?rest_route=\/wp\/v2\/users\/2"}],"replies":[{"embeddable":true,"href":"https:\/\/nieuwe-nederlander.nl\/index.php?rest_route=%2Fwp%2Fv2%2Fcomments&post=3348"}],"version-history":[{"count":1,"href":"https:\/\/nieuwe-nederlander.nl\/index.php?rest_route=\/wp\/v2\/posts\/3348\/revisions"}],"predecessor-version":[{"id":3379,"href":"https:\/\/nieuwe-nederlander.nl\/index.php?rest_route=\/wp\/v2\/posts\/3348\/revisions\/3379"}],"wp:attachment":[{"href":"https:\/\/nieuwe-nederlander.nl\/index.php?rest_route=%2Fwp%2Fv2%2Fmedia&parent=3348"}],"wp:term":[{"taxonomy":"category","embeddable":true,"href":"https:\/\/nieuwe-nederlander.nl\/index.php?rest_route=%2Fwp%2Fv2%2Fcategories&post=3348"},{"taxonomy":"post_tag","embeddable":true,"href":"https:\/\/nieuwe-nederlander.nl\/index.php?rest_route=%2Fwp%2Fv2%2Ftags&post=3348"}],"curies":[{"name":"wp","href":"https:\/\/api.w.org\/{rel}","templated":true}]}}