{"id":3381,"date":"2025-05-07T21:34:42","date_gmt":"2025-05-07T21:34:42","guid":{"rendered":"https:\/\/nieuwe-nederlander.nl\/?p=3381"},"modified":"2025-05-07T21:34:42","modified_gmt":"2025-05-07T21:34:42","slug":"nederlandse-leerlingen-keren-terug-met-gouden-medailles-van-de-vilipo-olympiade-in-litouwen","status":"publish","type":"post","link":"https:\/\/nieuwe-nederlander.nl\/?p=3381","title":{"rendered":"Nederlandse Leerlingen Keren Terug met Gouden Medailles van de VILIPO Olympiade in Litouwen"},"content":{"rendered":"<div>Nederlandse Leerlingen Keren Terug met Gouden Medailles van de VILIPO Olympiade in Litouwen<\/div>\n<div>\u00a0\u00a0<img loading=\"lazy\" decoding=\"async\" class=\"alignnone size-medium wp-image-3384\" src=\"https:\/\/nieuwe-nederlander.nl\/wp-content\/uploads\/2025\/05\/WhatsApp-Image-2025-05-07-at-23.18.28-3-400x533.jpeg\" alt=\"\" width=\"225\" height=\"300\" srcset=\"https:\/\/nieuwe-nederlander.nl\/wp-content\/uploads\/2025\/05\/WhatsApp-Image-2025-05-07-at-23.18.28-3-400x533.jpeg 400w, https:\/\/nieuwe-nederlander.nl\/wp-content\/uploads\/2025\/05\/WhatsApp-Image-2025-05-07-at-23.18.28-3-650x867.jpeg 650w, https:\/\/nieuwe-nederlander.nl\/wp-content\/uploads\/2025\/05\/WhatsApp-Image-2025-05-07-at-23.18.28-3-250x333.jpeg 250w, https:\/\/nieuwe-nederlander.nl\/wp-content\/uploads\/2025\/05\/WhatsApp-Image-2025-05-07-at-23.18.28-3-768x1024.jpeg 768w, https:\/\/nieuwe-nederlander.nl\/wp-content\/uploads\/2025\/05\/WhatsApp-Image-2025-05-07-at-23.18.28-3-1152x1536.jpeg 1152w, https:\/\/nieuwe-nederlander.nl\/wp-content\/uploads\/2025\/05\/WhatsApp-Image-2025-05-07-at-23.18.28-3-150x200.jpeg 150w, https:\/\/nieuwe-nederlander.nl\/wp-content\/uploads\/2025\/05\/WhatsApp-Image-2025-05-07-at-23.18.28-3-800x1067.jpeg 800w, https:\/\/nieuwe-nederlander.nl\/wp-content\/uploads\/2025\/05\/WhatsApp-Image-2025-05-07-at-23.18.28-3-1200x1600.jpeg 1200w, https:\/\/nieuwe-nederlander.nl\/wp-content\/uploads\/2025\/05\/WhatsApp-Image-2025-05-07-at-23.18.28-3.jpeg 1536w\" sizes=\"auto, (max-width: 225px) 100vw, 225px\" \/><\/div>\n<div><\/div>\n<div>Basri Do\u011fan | Amsterdam<\/div>\n<div><\/div>\n<div>De basisscholen Horizon uit Zaandam en Wereldwijs uit Rotterdam hebben een grote prestatie geleverd tijdens de internationale VILIPO Project Olympiade, die werd gehouden in de Litouwse hoofdstad Vilnius. In deze competitie, waaraan 120 leerlingen uit 13 landen deelnamen, behaalden de Nederlandse scholen samen maar liefst zes gouden medailles en vertegenwoordigden zij Nederland met trots op het internationale podium.<\/div>\n<div><\/div>\n<div>Een Inspirerend Succes voor het Nederlandse Onderwijs<\/div>\n<div><\/div>\n<div>Tuncay \u00c7atak, voorzitter van de Federatie van Sociale en Educatieve Organisaties (SIOZ), sprak na afloop van de wedstrijd zijn trots uit over de behaalde resultaten:<\/div>\n<div><\/div>\n<div>\u201cHet is een grote eer om Nederland te vertegenwoordigen op zo\u2019n belangrijk internationaal evenement en terug te keren met zes gouden medailles. Deze prestatie is het resultaat van sterk teamwork en toewijding aan onderwijs. Ik feliciteer onze leerlingen, leerkrachten en schoolleiders van harte.\u201d<\/div>\n<div><img loading=\"lazy\" decoding=\"async\" class=\"alignnone size-medium wp-image-3383\" src=\"https:\/\/nieuwe-nederlander.nl\/wp-content\/uploads\/2025\/05\/WhatsApp-Image-2025-05-07-at-23.18.29-400x445.jpeg\" alt=\"\" width=\"270\" height=\"300\" srcset=\"https:\/\/nieuwe-nederlander.nl\/wp-content\/uploads\/2025\/05\/WhatsApp-Image-2025-05-07-at-23.18.29-400x445.jpeg 400w, https:\/\/nieuwe-nederlander.nl\/wp-content\/uploads\/2025\/05\/WhatsApp-Image-2025-05-07-at-23.18.29-650x724.jpeg 650w, https:\/\/nieuwe-nederlander.nl\/wp-content\/uploads\/2025\/05\/WhatsApp-Image-2025-05-07-at-23.18.29-250x278.jpeg 250w, https:\/\/nieuwe-nederlander.nl\/wp-content\/uploads\/2025\/05\/WhatsApp-Image-2025-05-07-at-23.18.29-768x855.jpeg 768w, https:\/\/nieuwe-nederlander.nl\/wp-content\/uploads\/2025\/05\/WhatsApp-Image-2025-05-07-at-23.18.29-150x167.jpeg 150w, https:\/\/nieuwe-nederlander.nl\/wp-content\/uploads\/2025\/05\/WhatsApp-Image-2025-05-07-at-23.18.29-800x891.jpeg 800w, https:\/\/nieuwe-nederlander.nl\/wp-content\/uploads\/2025\/05\/WhatsApp-Image-2025-05-07-at-23.18.29.jpeg 1198w\" sizes=\"auto, (max-width: 270px) 100vw, 270px\" \/> <img loading=\"lazy\" decoding=\"async\" class=\"alignnone size-medium wp-image-3389\" src=\"https:\/\/nieuwe-nederlander.nl\/wp-content\/uploads\/2025\/05\/WhatsApp-Image-2025-05-07-at-23.18.27-3-400x533.jpeg\" alt=\"\" width=\"225\" height=\"300\" srcset=\"https:\/\/nieuwe-nederlander.nl\/wp-content\/uploads\/2025\/05\/WhatsApp-Image-2025-05-07-at-23.18.27-3-400x533.jpeg 400w, https:\/\/nieuwe-nederlander.nl\/wp-content\/uploads\/2025\/05\/WhatsApp-Image-2025-05-07-at-23.18.27-3-650x867.jpeg 650w, https:\/\/nieuwe-nederlander.nl\/wp-content\/uploads\/2025\/05\/WhatsApp-Image-2025-05-07-at-23.18.27-3-250x333.jpeg 250w, https:\/\/nieuwe-nederlander.nl\/wp-content\/uploads\/2025\/05\/WhatsApp-Image-2025-05-07-at-23.18.27-3-768x1024.jpeg 768w, https:\/\/nieuwe-nederlander.nl\/wp-content\/uploads\/2025\/05\/WhatsApp-Image-2025-05-07-at-23.18.27-3-1152x1536.jpeg 1152w, https:\/\/nieuwe-nederlander.nl\/wp-content\/uploads\/2025\/05\/WhatsApp-Image-2025-05-07-at-23.18.27-3-150x200.jpeg 150w, https:\/\/nieuwe-nederlander.nl\/wp-content\/uploads\/2025\/05\/WhatsApp-Image-2025-05-07-at-23.18.27-3-800x1067.jpeg 800w, https:\/\/nieuwe-nederlander.nl\/wp-content\/uploads\/2025\/05\/WhatsApp-Image-2025-05-07-at-23.18.27-3-1200x1600.jpeg 1200w, https:\/\/nieuwe-nederlander.nl\/wp-content\/uploads\/2025\/05\/WhatsApp-Image-2025-05-07-at-23.18.27-3.jpeg 1536w\" sizes=\"auto, (max-width: 225px) 100vw, 225px\" \/> <img loading=\"lazy\" decoding=\"async\" class=\"alignnone size-medium wp-image-3386\" src=\"https:\/\/nieuwe-nederlander.nl\/wp-content\/uploads\/2025\/05\/WhatsApp-Image-2025-05-07-at-23.18.28-1-400x533.jpeg\" alt=\"\" width=\"225\" height=\"300\" srcset=\"https:\/\/nieuwe-nederlander.nl\/wp-content\/uploads\/2025\/05\/WhatsApp-Image-2025-05-07-at-23.18.28-1-400x533.jpeg 400w, https:\/\/nieuwe-nederlander.nl\/wp-content\/uploads\/2025\/05\/WhatsApp-Image-2025-05-07-at-23.18.28-1-650x867.jpeg 650w, https:\/\/nieuwe-nederlander.nl\/wp-content\/uploads\/2025\/05\/WhatsApp-Image-2025-05-07-at-23.18.28-1-250x333.jpeg 250w, https:\/\/nieuwe-nederlander.nl\/wp-content\/uploads\/2025\/05\/WhatsApp-Image-2025-05-07-at-23.18.28-1-768x1024.jpeg 768w, https:\/\/nieuwe-nederlander.nl\/wp-content\/uploads\/2025\/05\/WhatsApp-Image-2025-05-07-at-23.18.28-1-1152x1536.jpeg 1152w, https:\/\/nieuwe-nederlander.nl\/wp-content\/uploads\/2025\/05\/WhatsApp-Image-2025-05-07-at-23.18.28-1-150x200.jpeg 150w, https:\/\/nieuwe-nederlander.nl\/wp-content\/uploads\/2025\/05\/WhatsApp-Image-2025-05-07-at-23.18.28-1-800x1067.jpeg 800w, https:\/\/nieuwe-nederlander.nl\/wp-content\/uploads\/2025\/05\/WhatsApp-Image-2025-05-07-at-23.18.28-1-1200x1600.jpeg 1200w, https:\/\/nieuwe-nederlander.nl\/wp-content\/uploads\/2025\/05\/WhatsApp-Image-2025-05-07-at-23.18.28-1.jpeg 1536w\" sizes=\"auto, (max-width: 225px) 100vw, 225px\" \/><\/div>\n<div><\/div>\n<div>\u00c7atak benadrukte dat soortgelijke successen ook in voorgaande jaren zijn behaald en dat deze prestaties inmiddels traditie zijn geworden, met een positieve bijdrage aan het Nederlandse onderwijssysteem.<\/div>\n<div><\/div>\n<div>Medailleregen voor de Scholen<\/div>\n<div><\/div>\n<div>De verdeling van de prijzen is als volgt:<\/div>\n<div><\/div>\n<div>Basisschool Horizon (Zaandam):<\/div>\n<div>\u20223 Gouden Medailles<\/div>\n<div>\u20222 Zilveren Medailles<\/div>\n<div>\u20221 Speciale Wetenschapsprijs<\/div>\n<div><\/div>\n<div>Basisschool Wereldwijs (Rotterdam):<\/div>\n<div>\u20223 Gouden Medailles<\/div>\n<div>\u20222 Zilveren Medailles<\/div>\n<div>\u20221 Bronzen Medaille<\/div>\n<div>\u20221 Speciale Schrijfprijs<\/div>\n<div><\/div>\n<div>VILIPO Olympiade: Podium voor Innovatie en Duurzaamheid<\/div>\n<div><img loading=\"lazy\" decoding=\"async\" class=\"alignnone size-medium wp-image-3387\" src=\"https:\/\/nieuwe-nederlander.nl\/wp-content\/uploads\/2025\/05\/WhatsApp-Image-2025-05-07-at-23.18.28-400x300.jpeg\" alt=\"\" width=\"300\" height=\"225\" srcset=\"https:\/\/nieuwe-nederlander.nl\/wp-content\/uploads\/2025\/05\/WhatsApp-Image-2025-05-07-at-23.18.28-400x300.jpeg 400w, https:\/\/nieuwe-nederlander.nl\/wp-content\/uploads\/2025\/05\/WhatsApp-Image-2025-05-07-at-23.18.28-650x488.jpeg 650w, https:\/\/nieuwe-nederlander.nl\/wp-content\/uploads\/2025\/05\/WhatsApp-Image-2025-05-07-at-23.18.28-250x188.jpeg 250w, https:\/\/nieuwe-nederlander.nl\/wp-content\/uploads\/2025\/05\/WhatsApp-Image-2025-05-07-at-23.18.28-768x576.jpeg 768w, https:\/\/nieuwe-nederlander.nl\/wp-content\/uploads\/2025\/05\/WhatsApp-Image-2025-05-07-at-23.18.28-1536x1152.jpeg 1536w, https:\/\/nieuwe-nederlander.nl\/wp-content\/uploads\/2025\/05\/WhatsApp-Image-2025-05-07-at-23.18.28-150x113.jpeg 150w, https:\/\/nieuwe-nederlander.nl\/wp-content\/uploads\/2025\/05\/WhatsApp-Image-2025-05-07-at-23.18.28-800x600.jpeg 800w, https:\/\/nieuwe-nederlander.nl\/wp-content\/uploads\/2025\/05\/WhatsApp-Image-2025-05-07-at-23.18.28-1200x900.jpeg 1200w, https:\/\/nieuwe-nederlander.nl\/wp-content\/uploads\/2025\/05\/WhatsApp-Image-2025-05-07-at-23.18.28-1600x1200.jpeg 1600w, https:\/\/nieuwe-nederlander.nl\/wp-content\/uploads\/2025\/05\/WhatsApp-Image-2025-05-07-at-23.18.28-2000x1500.jpeg 2000w, https:\/\/nieuwe-nederlander.nl\/wp-content\/uploads\/2025\/05\/WhatsApp-Image-2025-05-07-at-23.18.28.jpeg 2048w\" sizes=\"auto, (max-width: 300px) 100vw, 300px\" \/><\/div>\n<div><\/div>\n<div>De internationale VILIPO Olympiade, gericht op jongeren tussen de 12 en 19 jaar, stimuleert bewustwording rond milieuproblemen en duurzaamheid via projecten in de exacte vakken, kunst, technologie en engineering.<\/div>\n<div><\/div>\n<div>Dit jaar namen 117 leerlingen deel uit landen zoals Duitsland, Tsjechi\u00eb, Turkmenistan, Kirgizi\u00eb, Nederland, Pakistan, Letland, Bosni\u00eb en Herzegovina, Noord-Macedoni\u00eb, Irak, Oekra\u00efne, Hongarije, Litouwen, Azerbeidzjan en Georgi\u00eb.<\/div>\n<div><img loading=\"lazy\" decoding=\"async\" class=\"alignnone size-medium wp-image-3388\" src=\"https:\/\/nieuwe-nederlander.nl\/wp-content\/uploads\/2025\/05\/WhatsApp-Image-2025-05-07-at-23.18.27-4-400x533.jpeg\" alt=\"\" width=\"225\" height=\"300\" srcset=\"https:\/\/nieuwe-nederlander.nl\/wp-content\/uploads\/2025\/05\/WhatsApp-Image-2025-05-07-at-23.18.27-4-400x533.jpeg 400w, https:\/\/nieuwe-nederlander.nl\/wp-content\/uploads\/2025\/05\/WhatsApp-Image-2025-05-07-at-23.18.27-4-650x867.jpeg 650w, https:\/\/nieuwe-nederlander.nl\/wp-content\/uploads\/2025\/05\/WhatsApp-Image-2025-05-07-at-23.18.27-4-250x333.jpeg 250w, https:\/\/nieuwe-nederlander.nl\/wp-content\/uploads\/2025\/05\/WhatsApp-Image-2025-05-07-at-23.18.27-4-768x1024.jpeg 768w, https:\/\/nieuwe-nederlander.nl\/wp-content\/uploads\/2025\/05\/WhatsApp-Image-2025-05-07-at-23.18.27-4-1152x1536.jpeg 1152w, https:\/\/nieuwe-nederlander.nl\/wp-content\/uploads\/2025\/05\/WhatsApp-Image-2025-05-07-at-23.18.27-4-150x200.jpeg 150w, https:\/\/nieuwe-nederlander.nl\/wp-content\/uploads\/2025\/05\/WhatsApp-Image-2025-05-07-at-23.18.27-4-800x1067.jpeg 800w, https:\/\/nieuwe-nederlander.nl\/wp-content\/uploads\/2025\/05\/WhatsApp-Image-2025-05-07-at-23.18.27-4-1200x1600.jpeg 1200w, https:\/\/nieuwe-nederlander.nl\/wp-content\/uploads\/2025\/05\/WhatsApp-Image-2025-05-07-at-23.18.27-4.jpeg 1536w\" sizes=\"auto, (max-width: 225px) 100vw, 225px\" \/><\/div>\n<div><\/div>\n<div>De Amsterdamse school IBS De Horizon nam deel met vier opvallende projecten:<\/div>\n<div>\u2022Milieuwetenschap: Organic Fertilizer from Coffee Grounds van Burhan Efil en Alptekin Mergenci, over het recyclen van koffiedik.<\/div>\n<div>\u2022Kunst: Save Your Oceans, Save Your Future van Mohammad Ali Osmani, met een artistieke kijk op oceaanbescherming.<\/div>\n<div>\u2022Fotografie: Three Tales of Three Photographs, waarin milieuboodschappen via krachtige beelden werden overgebracht.<\/div>\n<div>\u2022Creatief Schrijven: Esra Ye\u015fil\u2019s verhaal The Time Machine in the Basement combineerde ecologie met verbeeldingskracht.<\/div>\n<div><\/div>\n<div>De Wereldwijs Basisschool uit Rotterdam nam dit jaar voor het eerst deel en viel direct in de prijzen met vier projecten. Ze behaalden 3 gouden, 2 zilveren en 1 bronzen medaille:<\/div>\n<div>\u2022Energie: The Hidden Power in Plant Roots door Zehra Mina Do\u011fanc\u0131 en Kerem Yay\u0131l, over het opwekken van elektriciteit uit kasplanten.<\/div>\n<div>\u2022Techniek: FoodSmart: A Journey to Healthier Choices door Siraz \u00d6z en Mamadou Bah, over slimme voedingskeuzes.<\/div>\n<div>\u2022Creatief Schrijven: The Art of Living Together van Mevanur \u00d6zt\u00fcrk, met een krachtige verbeelding van samenleven.<\/div>\n<div>\u2022Creatief Schrijven: Dizzy is Lost van Jaeda Hoesseinbaks, een persoonlijk verhaal vol fantasie.<\/div>\n<div><img loading=\"lazy\" decoding=\"async\" class=\"alignnone size-medium wp-image-3392\" src=\"https:\/\/nieuwe-nederlander.nl\/wp-content\/uploads\/2025\/05\/WhatsApp-Image-2025-05-07-at-23.18.27-400x300.jpeg\" alt=\"\" width=\"300\" height=\"225\" srcset=\"https:\/\/nieuwe-nederlander.nl\/wp-content\/uploads\/2025\/05\/WhatsApp-Image-2025-05-07-at-23.18.27-400x300.jpeg 400w, https:\/\/nieuwe-nederlander.nl\/wp-content\/uploads\/2025\/05\/WhatsApp-Image-2025-05-07-at-23.18.27-650x488.jpeg 650w, https:\/\/nieuwe-nederlander.nl\/wp-content\/uploads\/2025\/05\/WhatsApp-Image-2025-05-07-at-23.18.27-250x188.jpeg 250w, https:\/\/nieuwe-nederlander.nl\/wp-content\/uploads\/2025\/05\/WhatsApp-Image-2025-05-07-at-23.18.27-768x576.jpeg 768w, https:\/\/nieuwe-nederlander.nl\/wp-content\/uploads\/2025\/05\/WhatsApp-Image-2025-05-07-at-23.18.27-1536x1152.jpeg 1536w, https:\/\/nieuwe-nederlander.nl\/wp-content\/uploads\/2025\/05\/WhatsApp-Image-2025-05-07-at-23.18.27-150x113.jpeg 150w, https:\/\/nieuwe-nederlander.nl\/wp-content\/uploads\/2025\/05\/WhatsApp-Image-2025-05-07-at-23.18.27-800x600.jpeg 800w, https:\/\/nieuwe-nederlander.nl\/wp-content\/uploads\/2025\/05\/WhatsApp-Image-2025-05-07-at-23.18.27-1200x900.jpeg 1200w, https:\/\/nieuwe-nederlander.nl\/wp-content\/uploads\/2025\/05\/WhatsApp-Image-2025-05-07-at-23.18.27-1600x1200.jpeg 1600w, https:\/\/nieuwe-nederlander.nl\/wp-content\/uploads\/2025\/05\/WhatsApp-Image-2025-05-07-at-23.18.27-2000x1500.jpeg 2000w, https:\/\/nieuwe-nederlander.nl\/wp-content\/uploads\/2025\/05\/WhatsApp-Image-2025-05-07-at-23.18.27.jpeg 2016w\" sizes=\"auto, (max-width: 300px) 100vw, 300px\" \/> <img loading=\"lazy\" decoding=\"async\" class=\"alignnone size-medium wp-image-3393\" src=\"https:\/\/nieuwe-nederlander.nl\/wp-content\/uploads\/2025\/05\/WhatsApp-Image-2025-05-07-at-23.18.26-1-400x300.jpeg\" alt=\"\" width=\"300\" height=\"225\" srcset=\"https:\/\/nieuwe-nederlander.nl\/wp-content\/uploads\/2025\/05\/WhatsApp-Image-2025-05-07-at-23.18.26-1-400x300.jpeg 400w, https:\/\/nieuwe-nederlander.nl\/wp-content\/uploads\/2025\/05\/WhatsApp-Image-2025-05-07-at-23.18.26-1-650x488.jpeg 650w, https:\/\/nieuwe-nederlander.nl\/wp-content\/uploads\/2025\/05\/WhatsApp-Image-2025-05-07-at-23.18.26-1-250x188.jpeg 250w, https:\/\/nieuwe-nederlander.nl\/wp-content\/uploads\/2025\/05\/WhatsApp-Image-2025-05-07-at-23.18.26-1-768x576.jpeg 768w, https:\/\/nieuwe-nederlander.nl\/wp-content\/uploads\/2025\/05\/WhatsApp-Image-2025-05-07-at-23.18.26-1-1536x1152.jpeg 1536w, https:\/\/nieuwe-nederlander.nl\/wp-content\/uploads\/2025\/05\/WhatsApp-Image-2025-05-07-at-23.18.26-1-150x113.jpeg 150w, https:\/\/nieuwe-nederlander.nl\/wp-content\/uploads\/2025\/05\/WhatsApp-Image-2025-05-07-at-23.18.26-1-800x600.jpeg 800w, https:\/\/nieuwe-nederlander.nl\/wp-content\/uploads\/2025\/05\/WhatsApp-Image-2025-05-07-at-23.18.26-1-1200x900.jpeg 1200w, https:\/\/nieuwe-nederlander.nl\/wp-content\/uploads\/2025\/05\/WhatsApp-Image-2025-05-07-at-23.18.26-1-1600x1200.jpeg 1600w, https:\/\/nieuwe-nederlander.nl\/wp-content\/uploads\/2025\/05\/WhatsApp-Image-2025-05-07-at-23.18.26-1-2000x1500.jpeg 2000w, https:\/\/nieuwe-nederlander.nl\/wp-content\/uploads\/2025\/05\/WhatsApp-Image-2025-05-07-at-23.18.26-1.jpeg 2016w\" sizes=\"auto, (max-width: 300px) 100vw, 300px\" \/><\/div>\n<div><\/div>\n<div>De VILIPO Olympiade bood jongeren een onvergetelijke internationale ervaring, waarin interculturele samenwerking, creativiteit en milieubewustzijn centraal stonden.<\/div>\n","protected":false},"excerpt":{"rendered":"<p>Nederlandse Leerlingen Keren Terug met Gouden Medailles van de VILIPO Olympiade in Litouwen \u00a0\u00a0 Basri Do\u011fan | Amsterdam De basisscholen Horizon uit Zaandam en Wereldwijs uit Rotterdam hebben een grote prestatie geleverd tijdens de internationale VILIPO Project Olympiade, die werd gehouden in de Litouwse hoofdstad Vilnius. In deze competitie, waaraan 120 leerlingen uit 13 landen [&hellip;]<\/p>\n","protected":false},"author":2,"featured_media":0,"comment_status":"open","ping_status":"open","sticky":false,"template":"","format":"standard","meta":{"footnotes":""},"categories":[278,279],"tags":[],"class_list":["post-3381","post","type-post","status-publish","format-standard","hentry","category-binnenland","category-buitenland"],"_links":{"self":[{"href":"https:\/\/nieuwe-nederlander.nl\/index.php?rest_route=\/wp\/v2\/posts\/3381","targetHints":{"allow":["GET"]}}],"collection":[{"href":"https:\/\/nieuwe-nederlander.nl\/index.php?rest_route=\/wp\/v2\/posts"}],"about":[{"href":"https:\/\/nieuwe-nederlander.nl\/index.php?rest_route=\/wp\/v2\/types\/post"}],"author":[{"embeddable":true,"href":"https:\/\/nieuwe-nederlander.nl\/index.php?rest_route=\/wp\/v2\/users\/2"}],"replies":[{"embeddable":true,"href":"https:\/\/nieuwe-nederlander.nl\/index.php?rest_route=%2Fwp%2Fv2%2Fcomments&post=3381"}],"version-history":[{"count":1,"href":"https:\/\/nieuwe-nederlander.nl\/index.php?rest_route=\/wp\/v2\/posts\/3381\/revisions"}],"predecessor-version":[{"id":3395,"href":"https:\/\/nieuwe-nederlander.nl\/index.php?rest_route=\/wp\/v2\/posts\/3381\/revisions\/3395"}],"wp:attachment":[{"href":"https:\/\/nieuwe-nederlander.nl\/index.php?rest_route=%2Fwp%2Fv2%2Fmedia&parent=3381"}],"wp:term":[{"taxonomy":"category","embeddable":true,"href":"https:\/\/nieuwe-nederlander.nl\/index.php?rest_route=%2Fwp%2Fv2%2Fcategories&post=3381"},{"taxonomy":"post_tag","embeddable":true,"href":"https:\/\/nieuwe-nederlander.nl\/index.php?rest_route=%2Fwp%2Fv2%2Ftags&post=3381"}],"curies":[{"name":"wp","href":"https:\/\/api.w.org\/{rel}","templated":true}]}}