{"id":3418,"date":"2025-05-23T09:11:51","date_gmt":"2025-05-23T09:11:51","guid":{"rendered":"https:\/\/nieuwe-nederlander.nl\/?p=3418"},"modified":"2025-05-23T09:11:51","modified_gmt":"2025-05-23T09:11:51","slug":"hoor-onze-stille-schreeuw-vluchtelingen-roepen-om-rechtvaardigheid-menselijkheid-en-hoop","status":"publish","type":"post","link":"https:\/\/nieuwe-nederlander.nl\/?p=3418","title":{"rendered":"\u201cHoor Onze Stille Schreeuw\u201d \u2013 Vluchtelingen Roepen om Rechtvaardigheid, Menselijkheid en Hoop"},"content":{"rendered":"<div>\u201cHoor Onze Stille Schreeuw\u201d \u2013 Vluchtelingen Roepen om Rechtvaardigheid, Menselijkheid en Hoop<\/div>\n<div><\/div>\n<div>\u00a0<img loading=\"lazy\" decoding=\"async\" class=\"alignnone size-medium wp-image-3420\" src=\"https:\/\/nieuwe-nederlander.nl\/wp-content\/uploads\/2025\/05\/WhatsApp-Image-2025-05-22-at-17.07.22-3-400x225.jpeg\" alt=\"\" width=\"300\" height=\"169\" srcset=\"https:\/\/nieuwe-nederlander.nl\/wp-content\/uploads\/2025\/05\/WhatsApp-Image-2025-05-22-at-17.07.22-3-400x225.jpeg 400w, https:\/\/nieuwe-nederlander.nl\/wp-content\/uploads\/2025\/05\/WhatsApp-Image-2025-05-22-at-17.07.22-3-650x366.jpeg 650w, https:\/\/nieuwe-nederlander.nl\/wp-content\/uploads\/2025\/05\/WhatsApp-Image-2025-05-22-at-17.07.22-3-250x141.jpeg 250w, https:\/\/nieuwe-nederlander.nl\/wp-content\/uploads\/2025\/05\/WhatsApp-Image-2025-05-22-at-17.07.22-3-768x432.jpeg 768w, https:\/\/nieuwe-nederlander.nl\/wp-content\/uploads\/2025\/05\/WhatsApp-Image-2025-05-22-at-17.07.22-3-1536x864.jpeg 1536w, https:\/\/nieuwe-nederlander.nl\/wp-content\/uploads\/2025\/05\/WhatsApp-Image-2025-05-22-at-17.07.22-3-150x84.jpeg 150w, https:\/\/nieuwe-nederlander.nl\/wp-content\/uploads\/2025\/05\/WhatsApp-Image-2025-05-22-at-17.07.22-3-800x450.jpeg 800w, https:\/\/nieuwe-nederlander.nl\/wp-content\/uploads\/2025\/05\/WhatsApp-Image-2025-05-22-at-17.07.22-3-1200x675.jpeg 1200w, https:\/\/nieuwe-nederlander.nl\/wp-content\/uploads\/2025\/05\/WhatsApp-Image-2025-05-22-at-17.07.22-3-1600x900.jpeg 1600w, https:\/\/nieuwe-nederlander.nl\/wp-content\/uploads\/2025\/05\/WhatsApp-Image-2025-05-22-at-17.07.22-3-2000x1125.jpeg 2000w, https:\/\/nieuwe-nederlander.nl\/wp-content\/uploads\/2025\/05\/WhatsApp-Image-2025-05-22-at-17.07.22-3.jpeg 2048w\" sizes=\"auto, (max-width: 300px) 100vw, 300px\" \/><\/div>\n<div><\/div>\n<div>Basri Do\u011fan | Amsterdam \u2013 22 mei 2025<\/div>\n<div><\/div>\n<div>In het hart van Amsterdam, voor het gebouw van Amnesty International aan de historische Keizersgracht, vonden vandaag emotionele taferelen plaats. Honderden vluchtelingen uit verschillende landen lieten een stille maar krachtige schreeuw horen tegen de aanhoudende onzekerheid, bureaucratische obstakels en de onmenselijke omstandigheden waarin zij verkeren, vaak gescheiden van hun dierbaren: \u201cHoor onze stille schreeuw.\u201d<\/div>\n<div><\/div>\n<div>Met deze indrukwekkende campagne eisen vluchtelingen en asielzoekers in Nederland een eerlijk, menswaardig en tijdig werkend asielsysteem. Tegelijkertijd is het een oproep tot sociale rechtvaardigheid, en wordt benadrukt dat de structurele nalatigheid jegens vluchtelingen niet langer genegeerd mag worden.<\/div>\n<div><\/div>\n<div>Getuigenissen: Twee Jaar Stil Wachten, Een Leven Lang Gemis<\/div>\n<div><\/div>\n<div>De persoonlijke verhalen die tijdens de bijeenkomst werden gedeeld, brachten het stille drama aan het licht van levens die zijn vastgelopen in het systeem.<\/div>\n<div><\/div>\n<div>Een asielzoeker vertelde:<\/div>\n<div>\u201cIk wacht al twee jaar op mijn IND-gehoor. Mijn kinderen zijn in gevaar in Turkije. Elke dag leven we in angst. We vragen alleen om rechtvaardigheid en menselijkheid. Niet meer, niet minder.\u201d<\/div>\n<div><\/div>\n<div>Mustafa \u015e\u00fck\u00fcr, een vader die al 18 maanden gescheiden leeft van zijn gezin, verklaarde:<\/div>\n<div>\u201cDit is niet zomaar een technisch probleem. Dit is een onrecht dat gezinnen uit elkaar drijft en mensen psychisch breekt. Leven zonder je geliefden is ondraaglijk.\u201d<\/div>\n<div><\/div>\n<div><img loading=\"lazy\" decoding=\"async\" class=\"alignnone size-medium wp-image-3427\" src=\"https:\/\/nieuwe-nederlander.nl\/wp-content\/uploads\/2025\/05\/WhatsApp-Image-2025-05-22-at-17.07.21-1-400x225.jpeg\" alt=\"\" width=\"300\" height=\"169\" srcset=\"https:\/\/nieuwe-nederlander.nl\/wp-content\/uploads\/2025\/05\/WhatsApp-Image-2025-05-22-at-17.07.21-1-400x225.jpeg 400w, https:\/\/nieuwe-nederlander.nl\/wp-content\/uploads\/2025\/05\/WhatsApp-Image-2025-05-22-at-17.07.21-1-650x366.jpeg 650w, https:\/\/nieuwe-nederlander.nl\/wp-content\/uploads\/2025\/05\/WhatsApp-Image-2025-05-22-at-17.07.21-1-250x141.jpeg 250w, https:\/\/nieuwe-nederlander.nl\/wp-content\/uploads\/2025\/05\/WhatsApp-Image-2025-05-22-at-17.07.21-1-768x432.jpeg 768w, https:\/\/nieuwe-nederlander.nl\/wp-content\/uploads\/2025\/05\/WhatsApp-Image-2025-05-22-at-17.07.21-1-1536x864.jpeg 1536w, https:\/\/nieuwe-nederlander.nl\/wp-content\/uploads\/2025\/05\/WhatsApp-Image-2025-05-22-at-17.07.21-1-150x84.jpeg 150w, https:\/\/nieuwe-nederlander.nl\/wp-content\/uploads\/2025\/05\/WhatsApp-Image-2025-05-22-at-17.07.21-1-800x450.jpeg 800w, https:\/\/nieuwe-nederlander.nl\/wp-content\/uploads\/2025\/05\/WhatsApp-Image-2025-05-22-at-17.07.21-1-1200x675.jpeg 1200w, https:\/\/nieuwe-nederlander.nl\/wp-content\/uploads\/2025\/05\/WhatsApp-Image-2025-05-22-at-17.07.21-1-1600x900.jpeg 1600w, https:\/\/nieuwe-nederlander.nl\/wp-content\/uploads\/2025\/05\/WhatsApp-Image-2025-05-22-at-17.07.21-1-2000x1125.jpeg 2000w, https:\/\/nieuwe-nederlander.nl\/wp-content\/uploads\/2025\/05\/WhatsApp-Image-2025-05-22-at-17.07.21-1.jpeg 2048w\" sizes=\"auto, (max-width: 300px) 100vw, 300px\" \/> <img loading=\"lazy\" decoding=\"async\" class=\"alignnone size-medium wp-image-3428\" src=\"https:\/\/nieuwe-nederlander.nl\/wp-content\/uploads\/2025\/05\/WhatsApp-Image-2025-05-22-at-17.07.21-400x225.jpeg\" alt=\"\" width=\"300\" height=\"169\" srcset=\"https:\/\/nieuwe-nederlander.nl\/wp-content\/uploads\/2025\/05\/WhatsApp-Image-2025-05-22-at-17.07.21-400x225.jpeg 400w, https:\/\/nieuwe-nederlander.nl\/wp-content\/uploads\/2025\/05\/WhatsApp-Image-2025-05-22-at-17.07.21-650x366.jpeg 650w, https:\/\/nieuwe-nederlander.nl\/wp-content\/uploads\/2025\/05\/WhatsApp-Image-2025-05-22-at-17.07.21-250x141.jpeg 250w, https:\/\/nieuwe-nederlander.nl\/wp-content\/uploads\/2025\/05\/WhatsApp-Image-2025-05-22-at-17.07.21-768x432.jpeg 768w, https:\/\/nieuwe-nederlander.nl\/wp-content\/uploads\/2025\/05\/WhatsApp-Image-2025-05-22-at-17.07.21-1536x864.jpeg 1536w, https:\/\/nieuwe-nederlander.nl\/wp-content\/uploads\/2025\/05\/WhatsApp-Image-2025-05-22-at-17.07.21-150x84.jpeg 150w, https:\/\/nieuwe-nederlander.nl\/wp-content\/uploads\/2025\/05\/WhatsApp-Image-2025-05-22-at-17.07.21-800x450.jpeg 800w, https:\/\/nieuwe-nederlander.nl\/wp-content\/uploads\/2025\/05\/WhatsApp-Image-2025-05-22-at-17.07.21-1200x675.jpeg 1200w, https:\/\/nieuwe-nederlander.nl\/wp-content\/uploads\/2025\/05\/WhatsApp-Image-2025-05-22-at-17.07.21-1600x900.jpeg 1600w, https:\/\/nieuwe-nederlander.nl\/wp-content\/uploads\/2025\/05\/WhatsApp-Image-2025-05-22-at-17.07.21-2000x1125.jpeg 2000w, https:\/\/nieuwe-nederlander.nl\/wp-content\/uploads\/2025\/05\/WhatsApp-Image-2025-05-22-at-17.07.21.jpeg 2048w\" sizes=\"auto, (max-width: 300px) 100vw, 300px\" \/> <img loading=\"lazy\" decoding=\"async\" class=\"alignnone size-medium wp-image-3429\" src=\"https:\/\/nieuwe-nederlander.nl\/wp-content\/uploads\/2025\/05\/WhatsApp-Image-2025-05-22-at-17.07.20-2-400x225.jpeg\" alt=\"\" width=\"300\" height=\"169\" srcset=\"https:\/\/nieuwe-nederlander.nl\/wp-content\/uploads\/2025\/05\/WhatsApp-Image-2025-05-22-at-17.07.20-2-400x225.jpeg 400w, https:\/\/nieuwe-nederlander.nl\/wp-content\/uploads\/2025\/05\/WhatsApp-Image-2025-05-22-at-17.07.20-2-650x366.jpeg 650w, https:\/\/nieuwe-nederlander.nl\/wp-content\/uploads\/2025\/05\/WhatsApp-Image-2025-05-22-at-17.07.20-2-250x141.jpeg 250w, https:\/\/nieuwe-nederlander.nl\/wp-content\/uploads\/2025\/05\/WhatsApp-Image-2025-05-22-at-17.07.20-2-768x432.jpeg 768w, https:\/\/nieuwe-nederlander.nl\/wp-content\/uploads\/2025\/05\/WhatsApp-Image-2025-05-22-at-17.07.20-2-1536x864.jpeg 1536w, https:\/\/nieuwe-nederlander.nl\/wp-content\/uploads\/2025\/05\/WhatsApp-Image-2025-05-22-at-17.07.20-2-150x84.jpeg 150w, https:\/\/nieuwe-nederlander.nl\/wp-content\/uploads\/2025\/05\/WhatsApp-Image-2025-05-22-at-17.07.20-2-800x450.jpeg 800w, https:\/\/nieuwe-nederlander.nl\/wp-content\/uploads\/2025\/05\/WhatsApp-Image-2025-05-22-at-17.07.20-2-1200x675.jpeg 1200w, https:\/\/nieuwe-nederlander.nl\/wp-content\/uploads\/2025\/05\/WhatsApp-Image-2025-05-22-at-17.07.20-2-1600x900.jpeg 1600w, https:\/\/nieuwe-nederlander.nl\/wp-content\/uploads\/2025\/05\/WhatsApp-Image-2025-05-22-at-17.07.20-2-2000x1125.jpeg 2000w, https:\/\/nieuwe-nederlander.nl\/wp-content\/uploads\/2025\/05\/WhatsApp-Image-2025-05-22-at-17.07.20-2.jpeg 2048w\" sizes=\"auto, (max-width: 300px) 100vw, 300px\" \/><\/div>\n<div>Campagne-eisen Samengevat in Drie Punten<\/div>\n<div><\/div>\n<div>De initiatiefnemers van de campagne formuleerden hun eisen in drie duidelijke punten:<\/div>\n<div>1.Versnelde planning en uitvoering van IND-gehoren.<\/div>\n<div>2.Tijdige en wettige behandeling van asielaanvragen.<\/div>\n<div>3.Snellere gezinsherenigingsprocedures op humanitaire gronden.<\/div>\n<div><\/div>\n<div>Campagnevertegenwoordiger Ramazan Demirta\u015f benadrukte dat achter deze eisen niet alleen een juridische, maar ook een morele verantwoordelijkheid schuilgaat:<\/div>\n<div><\/div>\n<div>\u201cWij zijn geen last en willen dat ook niet zijn. Wij willen bijdragen aan dit land, werken, iets opbouwen en in vrede leven. Daarvoor hebben we duidelijkheid en rechtvaardigheid nodig.\u201d<\/div>\n<div><img loading=\"lazy\" decoding=\"async\" class=\"alignnone size-medium wp-image-3426\" src=\"https:\/\/nieuwe-nederlander.nl\/wp-content\/uploads\/2025\/05\/WhatsApp-Image-2025-05-22-at-17.07.21-2-400x711.jpeg\" alt=\"\" width=\"169\" height=\"300\" srcset=\"https:\/\/nieuwe-nederlander.nl\/wp-content\/uploads\/2025\/05\/WhatsApp-Image-2025-05-22-at-17.07.21-2-400x711.jpeg 400w, https:\/\/nieuwe-nederlander.nl\/wp-content\/uploads\/2025\/05\/WhatsApp-Image-2025-05-22-at-17.07.21-2-650x1156.jpeg 650w, https:\/\/nieuwe-nederlander.nl\/wp-content\/uploads\/2025\/05\/WhatsApp-Image-2025-05-22-at-17.07.21-2-250x444.jpeg 250w, https:\/\/nieuwe-nederlander.nl\/wp-content\/uploads\/2025\/05\/WhatsApp-Image-2025-05-22-at-17.07.21-2-768x1365.jpeg 768w, https:\/\/nieuwe-nederlander.nl\/wp-content\/uploads\/2025\/05\/WhatsApp-Image-2025-05-22-at-17.07.21-2-864x1536.jpeg 864w, https:\/\/nieuwe-nederlander.nl\/wp-content\/uploads\/2025\/05\/WhatsApp-Image-2025-05-22-at-17.07.21-2-150x267.jpeg 150w, https:\/\/nieuwe-nederlander.nl\/wp-content\/uploads\/2025\/05\/WhatsApp-Image-2025-05-22-at-17.07.21-2-800x1422.jpeg 800w, https:\/\/nieuwe-nederlander.nl\/wp-content\/uploads\/2025\/05\/WhatsApp-Image-2025-05-22-at-17.07.21-2.jpeg 1152w\" sizes=\"auto, (max-width: 169px) 100vw, 169px\" \/> \u00a0<img loading=\"lazy\" decoding=\"async\" class=\"alignnone size-medium wp-image-3430\" src=\"https:\/\/nieuwe-nederlander.nl\/wp-content\/uploads\/2025\/05\/WhatsApp-Image-2025-05-22-at-17.07.20-1-400x711.jpeg\" alt=\"\" width=\"169\" height=\"300\" srcset=\"https:\/\/nieuwe-nederlander.nl\/wp-content\/uploads\/2025\/05\/WhatsApp-Image-2025-05-22-at-17.07.20-1-400x711.jpeg 400w, https:\/\/nieuwe-nederlander.nl\/wp-content\/uploads\/2025\/05\/WhatsApp-Image-2025-05-22-at-17.07.20-1-650x1156.jpeg 650w, https:\/\/nieuwe-nederlander.nl\/wp-content\/uploads\/2025\/05\/WhatsApp-Image-2025-05-22-at-17.07.20-1-250x444.jpeg 250w, https:\/\/nieuwe-nederlander.nl\/wp-content\/uploads\/2025\/05\/WhatsApp-Image-2025-05-22-at-17.07.20-1-768x1365.jpeg 768w, https:\/\/nieuwe-nederlander.nl\/wp-content\/uploads\/2025\/05\/WhatsApp-Image-2025-05-22-at-17.07.20-1-864x1536.jpeg 864w, https:\/\/nieuwe-nederlander.nl\/wp-content\/uploads\/2025\/05\/WhatsApp-Image-2025-05-22-at-17.07.20-1-150x267.jpeg 150w, https:\/\/nieuwe-nederlander.nl\/wp-content\/uploads\/2025\/05\/WhatsApp-Image-2025-05-22-at-17.07.20-1-800x1422.jpeg 800w, https:\/\/nieuwe-nederlander.nl\/wp-content\/uploads\/2025\/05\/WhatsApp-Image-2025-05-22-at-17.07.20-1.jpeg 1152w\" sizes=\"auto, (max-width: 169px) 100vw, 169px\" \/><\/div>\n<div><\/div>\n<div>Deelnemers riepen het publiek op om deze oproep te steunen en de petitie te ondertekenen:<\/div>\n<div>\ud83d\udc49 https:\/\/chng.it\/fhxpZpJPwj<\/div>\n<div><\/div>\n<div>Historische Uitspraak van Europees Hof: Nederland Heeft De Wet Overtreden<\/div>\n<div><\/div>\n<div>Tijdens de persverklaring werd ook stilgestaan bij een belangrijke juridische ontwikkeling: de uitspraak van het Europees Hof van Justitie op 8 mei 2025. Volgens het Hof is de verlenging van de wettelijke beslistermijn voor asielprocedures in Nederland \u2013 van 6 naar 15 maanden \u2013 in strijd met het Europees recht.<\/div>\n<div><\/div>\n<div>Deze uitspraak bevestigt dat tienduizenden asielzoekers onterecht langdurig in onzekerheid zijn gelaten, en dat hun fundamentele rechten zijn geschonden sinds de wetswijziging in 2022.<\/div>\n<div><img loading=\"lazy\" decoding=\"async\" class=\"alignnone size-medium wp-image-3419\" src=\"https:\/\/nieuwe-nederlander.nl\/wp-content\/uploads\/2025\/05\/WhatsApp-Image-2025-05-22-at-17.07.22-4-400x711.jpeg\" alt=\"\" width=\"169\" height=\"300\" srcset=\"https:\/\/nieuwe-nederlander.nl\/wp-content\/uploads\/2025\/05\/WhatsApp-Image-2025-05-22-at-17.07.22-4-400x711.jpeg 400w, https:\/\/nieuwe-nederlander.nl\/wp-content\/uploads\/2025\/05\/WhatsApp-Image-2025-05-22-at-17.07.22-4-650x1156.jpeg 650w, https:\/\/nieuwe-nederlander.nl\/wp-content\/uploads\/2025\/05\/WhatsApp-Image-2025-05-22-at-17.07.22-4-250x444.jpeg 250w, https:\/\/nieuwe-nederlander.nl\/wp-content\/uploads\/2025\/05\/WhatsApp-Image-2025-05-22-at-17.07.22-4-768x1365.jpeg 768w, https:\/\/nieuwe-nederlander.nl\/wp-content\/uploads\/2025\/05\/WhatsApp-Image-2025-05-22-at-17.07.22-4-864x1536.jpeg 864w, https:\/\/nieuwe-nederlander.nl\/wp-content\/uploads\/2025\/05\/WhatsApp-Image-2025-05-22-at-17.07.22-4-150x267.jpeg 150w, https:\/\/nieuwe-nederlander.nl\/wp-content\/uploads\/2025\/05\/WhatsApp-Image-2025-05-22-at-17.07.22-4-800x1422.jpeg 800w, https:\/\/nieuwe-nederlander.nl\/wp-content\/uploads\/2025\/05\/WhatsApp-Image-2025-05-22-at-17.07.22-4.jpeg 1152w\" sizes=\"auto, (max-width: 169px) 100vw, 169px\" \/><\/div>\n<div><\/div>\n<div>Schokkende Cijfers: Tienduizenden Levens Staan Stil<\/div>\n<div><\/div>\n<div>Volgens de meest recente gegevens verkeert het Nederlandse asielsysteem in diepe crisis:<\/div>\n<div>\u202218.250 dossiers wachten al tussen 6 en 15 maanden op een beslissing,<\/div>\n<div>\u202217.480 dossiers wachten zelfs langer dan 15 maanden,<\/div>\n<div>\u2022De gemiddelde wachttijd voor een nader gehoor bedraagt 72 weken (bijna 17 maanden).<\/div>\n<div><\/div>\n<div>Achter elk dossier schuilt een mens, een gezin, een toekomst die in de wacht is gezet. Deze cijfers zijn geen statistiek, maar stille noodkreten van mensen die snakken naar veiligheid en perspectief.<\/div>\n<div><\/div>\n<div>Deze Strijd Gaat Over Onze Gezamenlijke Waardigheid<\/div>\n<div><\/div>\n<div>De bijeenkomst eindigde met een emotionele slottoespraak van woordvoerder Ramazan Demirta\u015f, die opriep tot solidariteit en bewustzijn:<\/div>\n<div><\/div>\n<div>\u201cWe zijn hier vandaag niet alleen voor onszelf. Dit is een gezamenlijke strijd voor menselijke waardigheid. Luister naar deze stem, deel deze boodschap. Want stilte voedt onrecht.\u201d<\/div>\n","protected":false},"excerpt":{"rendered":"<p>\u201cHoor Onze Stille Schreeuw\u201d \u2013 Vluchtelingen Roepen om Rechtvaardigheid, Menselijkheid en Hoop \u00a0 Basri Do\u011fan | Amsterdam \u2013 22 mei 2025 In het hart van Amsterdam, voor het gebouw van Amnesty International aan de historische Keizersgracht, vonden vandaag emotionele taferelen plaats. Honderden vluchtelingen uit verschillende landen lieten een stille maar krachtige schreeuw horen tegen de [&hellip;]<\/p>\n","protected":false},"author":2,"featured_media":0,"comment_status":"open","ping_status":"open","sticky":false,"template":"","format":"standard","meta":{"footnotes":""},"categories":[278],"tags":[],"class_list":["post-3418","post","type-post","status-publish","format-standard","hentry","category-binnenland"],"_links":{"self":[{"href":"https:\/\/nieuwe-nederlander.nl\/index.php?rest_route=\/wp\/v2\/posts\/3418","targetHints":{"allow":["GET"]}}],"collection":[{"href":"https:\/\/nieuwe-nederlander.nl\/index.php?rest_route=\/wp\/v2\/posts"}],"about":[{"href":"https:\/\/nieuwe-nederlander.nl\/index.php?rest_route=\/wp\/v2\/types\/post"}],"author":[{"embeddable":true,"href":"https:\/\/nieuwe-nederlander.nl\/index.php?rest_route=\/wp\/v2\/users\/2"}],"replies":[{"embeddable":true,"href":"https:\/\/nieuwe-nederlander.nl\/index.php?rest_route=%2Fwp%2Fv2%2Fcomments&post=3418"}],"version-history":[{"count":1,"href":"https:\/\/nieuwe-nederlander.nl\/index.php?rest_route=\/wp\/v2\/posts\/3418\/revisions"}],"predecessor-version":[{"id":3432,"href":"https:\/\/nieuwe-nederlander.nl\/index.php?rest_route=\/wp\/v2\/posts\/3418\/revisions\/3432"}],"wp:attachment":[{"href":"https:\/\/nieuwe-nederlander.nl\/index.php?rest_route=%2Fwp%2Fv2%2Fmedia&parent=3418"}],"wp:term":[{"taxonomy":"category","embeddable":true,"href":"https:\/\/nieuwe-nederlander.nl\/index.php?rest_route=%2Fwp%2Fv2%2Fcategories&post=3418"},{"taxonomy":"post_tag","embeddable":true,"href":"https:\/\/nieuwe-nederlander.nl\/index.php?rest_route=%2Fwp%2Fv2%2Ftags&post=3418"}],"curies":[{"name":"wp","href":"https:\/\/api.w.org\/{rel}","templated":true}]}}