{"id":3467,"date":"2025-07-21T16:13:06","date_gmt":"2025-07-21T16:13:06","guid":{"rendered":"https:\/\/nieuwe-nederlander.nl\/?p=3467"},"modified":"2025-07-21T16:13:12","modified_gmt":"2025-07-21T16:13:12","slug":"de-lange-arm-van-erdogan-in-bosnie","status":"publish","type":"post","link":"https:\/\/nieuwe-nederlander.nl\/?p=3467","title":{"rendered":"De lange arm van Erdo\u011fan in Bosni\u00eb"},"content":{"rendered":"\r\n<p><img loading=\"lazy\" decoding=\"async\" class=\"alignnone size-medium wp-image-3470\" src=\"https:\/\/nieuwe-nederlander.nl\/wp-content\/uploads\/2025\/07\/Foto-1-400x248.jpeg\" alt=\"\" width=\"300\" height=\"186\" srcset=\"https:\/\/nieuwe-nederlander.nl\/wp-content\/uploads\/2025\/07\/Foto-1-400x248.jpeg 400w, https:\/\/nieuwe-nederlander.nl\/wp-content\/uploads\/2025\/07\/Foto-1-650x403.jpeg 650w, https:\/\/nieuwe-nederlander.nl\/wp-content\/uploads\/2025\/07\/Foto-1-250x155.jpeg 250w, https:\/\/nieuwe-nederlander.nl\/wp-content\/uploads\/2025\/07\/Foto-1-768x476.jpeg 768w, https:\/\/nieuwe-nederlander.nl\/wp-content\/uploads\/2025\/07\/Foto-1-150x93.jpeg 150w, https:\/\/nieuwe-nederlander.nl\/wp-content\/uploads\/2025\/07\/Foto-1-800x496.jpeg 800w, https:\/\/nieuwe-nederlander.nl\/wp-content\/uploads\/2025\/07\/Foto-1.jpeg 860w\" sizes=\"auto, (max-width: 300px) 100vw, 300px\" \/><br \/><br \/><br \/>Nieuwsredactie \u2013 Bosni\u00eb en Herzegovina<br \/><br \/>Bosni\u00eb en Herzegovina verkeert al geruime tijd in een politieke crisis. De spanningen liepen verder op in maart van dit jaar, toen de rechtbank een gevangenisstraf van \u00e9\u00e9n jaar en een verbod van zes jaar op politieke activiteiten oplegde aan Milorad Dodik, de president van de Servische entiteit Republika Srpska. Dodik werd beschuldigd van het negeren en actief tegenwerken van gerechtelijke uitspraken.<br \/><br \/>Als reactie verklaarde Dodik dat hij de rechtbanken van Bosni\u00eb en Herzegovina niet erkent. Ondanks een uitstaand arrestatiebevel werd dit door geen enkele veiligheidsinstantie uitgevoerd. Dodik reisde zelfs meerdere keren naar het buitenland, wat in de media leidde tot vragen over hoe hij ongestoord het land kon verlaten. Het feit dat veiligheidsdiensten gerechtelijke bevelen negeren, leidde tot een diepe staatscrisis.<br \/><br \/>In dezelfde periode keurde het parlement van Republika Srpska meerdere wetten goed die in strijd zijn met de grondwet van Bosni\u00eb en Herzegovina. Dodik riep Servische ambtenaren op ontslag te nemen uit overheidsinstellingen, en dreigde met inbeslagname van bezittingen binnen de entiteit als zij dat weigerden. Verschillende Europese landen, aangevoerd door de Verenigde Staten, plaatsten Dodik en zijn naaste medewerkers op een sanctielijst. Toch bleef Dodik onvermurwbaar. Niemand wilde hem officieel ontvangen \u2014 behalve de Hongaarse premier Viktor Orb\u00e1n, de Russische president Vladimir Poetin, en \u00e9\u00e9n opvallende uitzondering: de Turkse president Recep Tayyip Erdo\u011fan, met wie hij al jarenlang nauwe banden onderhoudt.<br \/><br \/>Zeljka Cvijanovi\u0107, vicevoorzitter van Dodiks partij en de Servische president in het collectieve presidentschap van Bosni\u00eb en Herzegovina, werd persoonlijk ontvangen door Erdo\u011fan. Hoewel de details van die ontmoeting niet zijn vrijgegeven, bracht Cvijanovi\u0107 wel persoonlijk Erdo\u011fans groeten over aan Dodik.<br \/><br \/><br \/>Parallel daaraan: de zaak-Hasan Avci<br \/><br \/>In dezelfde periode speelde ook een andere opvallende zaak: die van Hasan Avci \u2014 een vrijwilliger van de G\u00fclenbeweging die al negen jaar in Bosni\u00eb verblijft. Volgens de Bosnische inlichtingendienst zou Avci een bedreiging vormen voor de nationale veiligheid. Op basis van dat rapport werd hij overgedragen aan de immigratiedienst. Avci werd gearresteerd en overgebracht naar het detentiecentrum in Oost-Sarajevo.<br \/><br \/>Zijn advocaten gingen in beroep tegen het uitzettingsbevel. De rechtbank oordeelde dat de maatregel onwettig was en onvoldoende onderbouwd. Het dossier werd teruggestuurd naar het ministerie van Veiligheid voor herbeoordeling.<br \/><br \/>In de tussentijd vroeg Avci asiel aan, maar ook dat verzoek werd afgewezen. Kort na de eerste uitspraak vaardigde het ministerie opnieuw een detentie- en uitzettingsbevel uit, ditmaal voor 90 dagen. De verdediging tekende opnieuw bezwaar aan \u2014 en kreeg w\u00e9\u00e9r gelijk. De rechtbank vernietigde het besluit opnieuw en bekritiseerde de schending van mensenrechten in duidelijke bewoordingen. De rechter droeg het ministerie op om een nieuw besluit te nemen dat w\u00e9l in lijn is met het vonnis.<br \/><br \/>Het ministerie moest binnen vier dagen reageren, maar wachtte een maand en vaardigde wederom een detentiebevel uit. In diezelfde periode werd het ministerie ook veroordeeld in een andere rechtszaak: de rechtbank oordeelde dat het afwijzen van Avci\u2019s asielaanvraag onrechtmatig was, omdat hij in Turkije het risico loopt op marteling. Opnieuw werd het dossier teruggestuurd voor herbeoordeling.<br \/><br \/><br \/>Wat is hier aan de hand?<br \/><br \/>Hoe is het mogelijk dat een ministerie vier keer op rij exact dezelfde beslissing neemt, ondanks herhaalde vernietiging door de rechter? Hier komt de lange arm van Erdo\u011fan in beeld. Almir D\u017euvo, het hoofd van de Bosnische inlichtingendienst, oefent achter de schermen druk uit op het ministerie van Veiligheid om aan het Turkse verzoek te voldoen \u2014 koste wat kost.<br \/><br \/>D\u017euvo was recent ook betrokken bij een andere omstreden actie: hij smokkelde de gezochte Milorad Dodik, die zich al vier maanden onttrok aan de rechtsorde, heimelijk naar het staatsgerechtshof. Daar vroeg de aanklager \u2014 opvallend snel \u2014 om het arrestatiebevel op te heffen. De rechter stemde vrijwel direct toe.<br \/><br \/>Dat een hoge ambtenaar in een EU-kandidaat-lidstaat niet alleen gerechtelijke uitspraken negeert, maar ook actief druk uitoefent op rechters en aanklagers om besluiten te forceren, is inmiddels een veelbesproken onderwerp in de Bosnische media.<br \/><br \/>De zaak-Avci lijkt zonder twijfel ingegeven door druk vanuit Ankara. Tegelijkertijd komt ook de reddingsboei voor Erdo\u011fans bondgenoot Milorad Dodik uit dezelfde hoek. De verbindende figuur in beide dossiers: Almir D\u017euvo, hoofd van de inlichtingendienst van Bosni\u00eb en Herzegovina.<\/p>\r\n","protected":false},"excerpt":{"rendered":"<p>Nieuwsredactie \u2013 Bosni\u00eb en Herzegovina Bosni\u00eb en Herzegovina verkeert al geruime tijd in een politieke crisis. De spanningen liepen verder op in maart van dit jaar, toen de rechtbank een gevangenisstraf van \u00e9\u00e9n jaar en een verbod van zes jaar op politieke activiteiten oplegde aan Milorad Dodik, de president van de Servische entiteit Republika Srpska. [&hellip;]<\/p>\n","protected":false},"author":2,"featured_media":0,"comment_status":"open","ping_status":"open","sticky":false,"template":"","format":"image","meta":{"footnotes":""},"categories":[279],"tags":[],"class_list":["post-3467","post","type-post","status-publish","format-image","hentry","category-buitenland","post_format-post-format-image"],"_links":{"self":[{"href":"https:\/\/nieuwe-nederlander.nl\/index.php?rest_route=\/wp\/v2\/posts\/3467","targetHints":{"allow":["GET"]}}],"collection":[{"href":"https:\/\/nieuwe-nederlander.nl\/index.php?rest_route=\/wp\/v2\/posts"}],"about":[{"href":"https:\/\/nieuwe-nederlander.nl\/index.php?rest_route=\/wp\/v2\/types\/post"}],"author":[{"embeddable":true,"href":"https:\/\/nieuwe-nederlander.nl\/index.php?rest_route=\/wp\/v2\/users\/2"}],"replies":[{"embeddable":true,"href":"https:\/\/nieuwe-nederlander.nl\/index.php?rest_route=%2Fwp%2Fv2%2Fcomments&post=3467"}],"version-history":[{"count":2,"href":"https:\/\/nieuwe-nederlander.nl\/index.php?rest_route=\/wp\/v2\/posts\/3467\/revisions"}],"predecessor-version":[{"id":3471,"href":"https:\/\/nieuwe-nederlander.nl\/index.php?rest_route=\/wp\/v2\/posts\/3467\/revisions\/3471"}],"wp:attachment":[{"href":"https:\/\/nieuwe-nederlander.nl\/index.php?rest_route=%2Fwp%2Fv2%2Fmedia&parent=3467"}],"wp:term":[{"taxonomy":"category","embeddable":true,"href":"https:\/\/nieuwe-nederlander.nl\/index.php?rest_route=%2Fwp%2Fv2%2Fcategories&post=3467"},{"taxonomy":"post_tag","embeddable":true,"href":"https:\/\/nieuwe-nederlander.nl\/index.php?rest_route=%2Fwp%2Fv2%2Ftags&post=3467"}],"curies":[{"name":"wp","href":"https:\/\/api.w.org\/{rel}","templated":true}]}}