{"id":3475,"date":"2025-07-21T16:40:29","date_gmt":"2025-07-21T16:40:29","guid":{"rendered":"https:\/\/nieuwe-nederlander.nl\/?p=3475"},"modified":"2025-07-21T16:40:29","modified_gmt":"2025-07-21T16:40:29","slug":"spiric-prijst-osa-directeur-dzuvo-hij-toonde-staatsmanschap-in-omgang-met-dodik","status":"publish","type":"post","link":"https:\/\/nieuwe-nederlander.nl\/?p=3475","title":{"rendered":"\u0160piri\u0107 prijst OSA-directeur D\u017euvo: \u201cHij toonde staatsmanschap in omgang met Dodik\u201d"},"content":{"rendered":"<p><img loading=\"lazy\" decoding=\"async\" class=\"alignnone size-medium wp-image-3476\" src=\"https:\/\/nieuwe-nederlander.nl\/wp-content\/uploads\/2025\/07\/Foto-3-400x267.jpeg\" alt=\"\" width=\"300\" height=\"200\" srcset=\"https:\/\/nieuwe-nederlander.nl\/wp-content\/uploads\/2025\/07\/Foto-3-400x267.jpeg 400w, https:\/\/nieuwe-nederlander.nl\/wp-content\/uploads\/2025\/07\/Foto-3-650x433.jpeg 650w, https:\/\/nieuwe-nederlander.nl\/wp-content\/uploads\/2025\/07\/Foto-3-250x167.jpeg 250w, https:\/\/nieuwe-nederlander.nl\/wp-content\/uploads\/2025\/07\/Foto-3-768x512.jpeg 768w, https:\/\/nieuwe-nederlander.nl\/wp-content\/uploads\/2025\/07\/Foto-3-150x100.jpeg 150w, https:\/\/nieuwe-nederlander.nl\/wp-content\/uploads\/2025\/07\/Foto-3.jpeg 800w\" sizes=\"auto, (max-width: 300px) 100vw, 300px\" \/><\/p>\n<p>Nieuwsredactie\u2013 Sarajevo<\/p>\n<p>De voorzitter van het Huis van Volkeren van het Parlement van Bosni\u00eb en Herzegovina, Nikola \u0160piri\u0107, heeft lof uitgesproken voor de directeur van de Inlichtingen- en Veiligheidsdienst (OSA), Almir D\u017euvo, vanwege zijn rol in de zaak rond Milorad Dodik, president van de Servische entiteit Republika Srpska.<\/p>\n<p>Volgens \u0160piri\u0107 heeft D\u017euvo \u201cstaatsmanschap\u201d getoond door Dodik persoonlijk naar het Openbaar Ministerie van Bosni\u00eb en Herzegovina te begeleiden, wat uiteindelijk leidde tot de opheffing van het arrestatiebevel en de detentie.<\/p>\n<p>\u201cIk denk dat de OSA simpelweg haar taak heeft uitgevoerd en dat D\u017euvo zich als een echte staatsman heeft gedragen. Als anderen zich op hetzelfde niveau hadden opgesteld als hij, dan zouden we deze fase van politiek-juridisch geweld tegen de president van de Servische Republiek en haar leiderschap waarschijnlijk niet hebben doorgemaakt,\u201d verklaarde \u0160piri\u0107 tegenover persbureau SRNA.<\/p>\n<p>Commissievergadering achter gesloten deuren<\/p>\n<p>De uitspraken van \u0160piri\u0107 kwamen vlak voor de vergadering van de parlementaire commissie die toezicht houdt op het werk van de OSA. Tijdens deze zitting wordt onder meer besproken wat de exacte rol van D\u017euvo was in het vervoeren van Dodik.<\/p>\n<p>De vergadering begon om 12.00 uur en vindt plaats achter gesloten deuren, zonder aanwezigheid van de pers.<\/p>\n<p>De vermeende betrokkenheid van de OSA-directeur bij de overbrenging van Dodik heeft tot kritiek geleid in juridische en politieke kringen, waarbij sommigen spreken van inmenging in de rechtsstaat en politieke bescherming.<\/p>\n","protected":false},"excerpt":{"rendered":"<p>Nieuwsredactie\u2013 Sarajevo De voorzitter van het Huis van Volkeren van het Parlement van Bosni\u00eb en Herzegovina, Nikola \u0160piri\u0107, heeft lof uitgesproken voor de directeur van de Inlichtingen- en Veiligheidsdienst (OSA), Almir D\u017euvo, vanwege zijn rol in de zaak rond Milorad Dodik, president van de Servische entiteit Republika Srpska. Volgens \u0160piri\u0107 heeft D\u017euvo \u201cstaatsmanschap\u201d getoond door [&hellip;]<\/p>\n","protected":false},"author":2,"featured_media":0,"comment_status":"open","ping_status":"open","sticky":false,"template":"","format":"standard","meta":{"footnotes":""},"categories":[279],"tags":[],"class_list":["post-3475","post","type-post","status-publish","format-standard","hentry","category-buitenland"],"_links":{"self":[{"href":"https:\/\/nieuwe-nederlander.nl\/index.php?rest_route=\/wp\/v2\/posts\/3475","targetHints":{"allow":["GET"]}}],"collection":[{"href":"https:\/\/nieuwe-nederlander.nl\/index.php?rest_route=\/wp\/v2\/posts"}],"about":[{"href":"https:\/\/nieuwe-nederlander.nl\/index.php?rest_route=\/wp\/v2\/types\/post"}],"author":[{"embeddable":true,"href":"https:\/\/nieuwe-nederlander.nl\/index.php?rest_route=\/wp\/v2\/users\/2"}],"replies":[{"embeddable":true,"href":"https:\/\/nieuwe-nederlander.nl\/index.php?rest_route=%2Fwp%2Fv2%2Fcomments&post=3475"}],"version-history":[{"count":1,"href":"https:\/\/nieuwe-nederlander.nl\/index.php?rest_route=\/wp\/v2\/posts\/3475\/revisions"}],"predecessor-version":[{"id":3477,"href":"https:\/\/nieuwe-nederlander.nl\/index.php?rest_route=\/wp\/v2\/posts\/3475\/revisions\/3477"}],"wp:attachment":[{"href":"https:\/\/nieuwe-nederlander.nl\/index.php?rest_route=%2Fwp%2Fv2%2Fmedia&parent=3475"}],"wp:term":[{"taxonomy":"category","embeddable":true,"href":"https:\/\/nieuwe-nederlander.nl\/index.php?rest_route=%2Fwp%2Fv2%2Fcategories&post=3475"},{"taxonomy":"post_tag","embeddable":true,"href":"https:\/\/nieuwe-nederlander.nl\/index.php?rest_route=%2Fwp%2Fv2%2Ftags&post=3475"}],"curies":[{"name":"wp","href":"https:\/\/api.w.org\/{rel}","templated":true}]}}